{"id":9915,"date":"2015-12-28T12:58:20","date_gmt":"2015-12-28T11:58:20","guid":{"rendered":"https:\/\/www.fotocasa.es\/fotocasa-life\/?p=9915"},"modified":"2020-11-27T11:28:24","modified_gmt":"2020-11-27T10:28:24","slug":"reactivacion-del-mercado-hipotecario-en-2016","status":"publish","type":"post","link":"https:\/\/www.fotocasa.es\/fotocasa-life\/hipotecas-finanzas\/reactivacion-del-mercado-hipotecario-en-2016\/","title":{"rendered":"Reactivaci\u00f3n del mercado hipotecario en 2016"},"content":{"rendered":"<p>La Asociaci\u00f3n Hipotecaria Espa\u00f1ola (AHE) espera una <strong>reactivaci\u00f3n \u00abm\u00e1s clara\u00bb del mercado hipotecario en 201<\/strong>6 en l\u00ednea con la mejora general de la actividad crediticia, al tiempo que advierte de que la recuperaci\u00f3n depender\u00e1 de la consolidaci\u00f3n del crecimiento econ\u00f3mico nacional.<\/p>\n<p>En su informe de cierre de ejercicio 2015 y perspectivas de 2016, la AHE explica que la prolongaci\u00f3n de la evoluci\u00f3n favorable del empleo augura una \u00abrecuperaci\u00f3n paulatina\u00bb de la capacidad financiera de los hogares espa\u00f1oles, lo que afectar\u00e1 a la <strong><a href=\"https:\/\/www.fotocasa.es\/fotocasa-life\/hipotecas-finanzas\/la-mora-hipotecaria-se-reduce-en-el-tercer-trimestre-al-5\/\">reducci\u00f3n de la mora<\/a><\/strong> y a la solvencia o<strong> capacidad futura de endeudamiento<\/strong>.<\/p>\n<p>\u00abEste \u00faltimo punto ser\u00e1 determinante para las posibilidades de <strong>crecimiento del mercado inmobiliario e hipotecario general<\/strong>\u00ab, subraya la asociaci\u00f3n, que recuerda que <strong>el sistema bancario cuenta ahora \u00abcon una salud favorable en <a href=\"https:\/\/www.fotocasa.es\/fotocasa-life\/hipotecas-finanzas\/la-banca-relaja-los-criterios-de-aprobacion-de-prestamos-al-consumo\/\">t\u00e9rminos de solvencia y liquidez<\/a><\/strong>\u00bb en un contexto de tipos de inter\u00e9s hist\u00f3ricamente bajos y una inflaci\u00f3n que previsiblemente cerrar\u00e1 el a\u00f1o con tasas negativas.<\/p>\n<p>Por todo ello, la AHE cree que a lo largo de los dos pr\u00f3ximos a\u00f1os <a href=\"https:\/\/www.fotocasa.es\/fotocasa-life\/compraventa\/vivienda-lo-peor-ha-pasado-pero-aun-es-pronto-para-hablar-de-recuperacion\/\"><strong>el sector inmobiliario recuperar\u00e1 \u00abpaulatinamente\u00bb parte del protagonismo<\/strong><\/a> perdido en los a\u00f1os de la crisis \u00abdesde una perspectiva prudente y enfocada a la correcta gesti\u00f3n de los riesgos.<\/p>\n<p><strong>Freno a la ca\u00edda de la actividad crediticia<br \/>\n<\/strong><\/p>\n<p><img loading=\"lazy\" decoding=\"async\" class=\"aligncenter wp-image-9920 size-full\" src=\"https:\/\/www.fotocasa.es\/fotocasa-life\/wp-content\/uploads\/2015\/12\/Fotolia_62874446_Subscription_XXL_ok-e1451304344344.jpg\" alt=\"- - - -\" width=\"676\" height=\"304\" title=\"-\" srcset=\"https:\/\/www.fotocasa.es\/fotocasa-life\/wp-content\/uploads\/2015\/12\/Fotolia_62874446_Subscription_XXL_ok-e1451304344344.jpg 676w, https:\/\/www.fotocasa.es\/fotocasa-life\/wp-content\/uploads\/2015\/12\/Fotolia_62874446_Subscription_XXL_ok-e1451304344344-300x135.jpg 300w, https:\/\/www.fotocasa.es\/fotocasa-life\/wp-content\/uploads\/2015\/12\/Fotolia_62874446_Subscription_XXL_ok-e1451304344344-150x67.jpg 150w\" sizes=\"auto, (max-width: 676px) 100vw, 676px\" \/><\/p>\n<p>El informe de la AHE pone de manifiesto que durante 2015 se ha contenido la tasa de ca\u00edda de la actividad crediticia. \u00abA pesar de que el cr\u00e9dito al sector privado residente a octubre de 2015 registr\u00f3 una variaci\u00f3n interanual negativa del orden del 1%, su evoluci\u00f3n sugiere una clara aproximaci\u00f3n a tasas positivas de cara a 2016, despu\u00e9s de al menos cinco a\u00f1os de variaci\u00f3n negativa en t\u00e9rminos interanuales\u00bb, destaca.<\/p>\n<p>Teniendo en cuenta los datos del INE, hasta octubre de 2015 se formalizaron un <strong><a href=\"https:\/\/www.fotocasa.es\/fotocasa-life\/hipotecas-finanzas\/la-firma-de-hipotecas-sigue-subiendo-pero-a-menor-ritmo\/\">20% m\u00e1s de pr\u00e9stamos hipotecarios<\/a> para la adquisici\u00f3n de vivienda<\/strong> con respecto al mismo periodo de 2014, lo que muestra un \u00abfortalecimiento paulatino de la demanda\u00bb.<\/p>\n<p>De este modo, el cr\u00e9dito hipotecario gestionado se situ\u00f3 en 695.505 millones de euros a octubre de 2015, lo que supone un descenso interanual del 4,7%, lo que contrasta con el -7,7% de octubre del a\u00f1o anterior. \u00abDe mantenerse esta tendencia, es de esperar que al cierre de a\u00f1o la variaci\u00f3n anual del cr\u00e9dito hipotecario gestionado total se sit\u00faa en torno al -4%\u00bb, adelanta.<\/p>\n<p>La AHE tambi\u00e9n pone de manifiesto la \u00ab<strong><a href=\"https:\/\/www.fotocasa.es\/fotocasa-life\/compraventa\/el-precio-de-la-vivienda-acelera-su-subida\/\">clara estabilizaci\u00f3n\u00bb de los precios de la vivienda<\/a><\/strong>, con zonas de recuperaci\u00f3n que hacen que, en conjunto, la variaci\u00f3n anual del precio medio de la vivienda libre a septiembre de 2015 sea positiva, \u00abponiendo fin a m\u00e1s de 20 trimestre de precios a la baja\u00bb.<\/p>\n","protected":false},"excerpt":{"rendered":"<p>La Asociaci\u00f3n Hipotecaria Espa\u00f1ola (AHE) espera una reactivaci\u00f3n \u00abm\u00e1s clara\u00bb del mercado hipotecario en 2016 en l\u00ednea con la mejora general de la actividad crediticia, al tiempo que advierte de que la recuperaci\u00f3n depender\u00e1 de la consolidaci\u00f3n del crecimiento econ\u00f3mico nacional. En su informe de cierre de ejercicio 2015 y perspectivas de 2016, la AHE&#8230;<\/p>\n","protected":false},"author":3,"featured_media":9918,"comment_status":"open","ping_status":"open","sticky":false,"template":"","format":"standard","meta":{"_lmt_disableupdate":"yes","_lmt_disable":"","footnotes":""},"categories":[6],"tags":[31,72,118,1862,157,216,245],"class_list":["post-9915","post","type-post","status-publish","format-standard","has-post-thumbnail","hentry","category-hipotecas-finanzas","tag-bancos","tag-compraventa-de-vivienda","tag-economia","tag-hipotecas","tag-ine","tag-prestamos-hipotecarios","tag-sector-inmobiliario"],"modified_by":"Albert PC","_links":{"self":[{"href":"https:\/\/www.fotocasa.es\/fotocasa-life\/wp-json\/wp\/v2\/posts\/9915","targetHints":{"allow":["GET"]}}],"collection":[{"href":"https:\/\/www.fotocasa.es\/fotocasa-life\/wp-json\/wp\/v2\/posts"}],"about":[{"href":"https:\/\/www.fotocasa.es\/fotocasa-life\/wp-json\/wp\/v2\/types\/post"}],"author":[{"embeddable":true,"href":"https:\/\/www.fotocasa.es\/fotocasa-life\/wp-json\/wp\/v2\/users\/3"}],"replies":[{"embeddable":true,"href":"https:\/\/www.fotocasa.es\/fotocasa-life\/wp-json\/wp\/v2\/comments?post=9915"}],"version-history":[{"count":0,"href":"https:\/\/www.fotocasa.es\/fotocasa-life\/wp-json\/wp\/v2\/posts\/9915\/revisions"}],"wp:featuredmedia":[{"embeddable":true,"href":"https:\/\/www.fotocasa.es\/fotocasa-life\/wp-json\/wp\/v2\/media\/9918"}],"wp:attachment":[{"href":"https:\/\/www.fotocasa.es\/fotocasa-life\/wp-json\/wp\/v2\/media?parent=9915"}],"wp:term":[{"taxonomy":"category","embeddable":true,"href":"https:\/\/www.fotocasa.es\/fotocasa-life\/wp-json\/wp\/v2\/categories?post=9915"},{"taxonomy":"post_tag","embeddable":true,"href":"https:\/\/www.fotocasa.es\/fotocasa-life\/wp-json\/wp\/v2\/tags?post=9915"}],"curies":[{"name":"wp","href":"https:\/\/api.w.org\/{rel}","templated":true}]}}