{"id":98172,"date":"2025-11-28T07:30:55","date_gmt":"2025-11-28T06:30:55","guid":{"rendered":"https:\/\/www.fotocasa.es\/fotocasa-life\/?p=98172"},"modified":"2025-11-28T10:39:19","modified_gmt":"2025-11-28T09:39:19","slug":"concurso-balcones-navidad-nules","status":"publish","type":"post","link":"https:\/\/www.fotocasa.es\/fotocasa-life\/inspiracion\/concurso-balcones-navidad-nules\/","title":{"rendered":"Navidad con premio: concurso de decoraci\u00f3n navide\u00f1a de balcones y ventanas en Nules"},"content":{"rendered":"<p><span style=\"font-weight: 400;\">\u00a1La Navidad ya est\u00e1 aqu\u00ed! Luces y decoraci\u00f3n invaden ya nuestros pueblos y ciudades. Sin embargo, en Nules se han propuesto un a\u00f1o m\u00e1s que la fiesta se respire en todas las calles del pueblo con una curiosa iniciativa.<\/span><\/p>\n<p><span style=\"font-weight: 400;\">El Ayuntamiento de Nules, a trav\u00e9s de su concejal\u00eda de Comercio, convoca una nueva edici\u00f3n del <\/span><b>Concurso de decoraci\u00f3n Navide\u00f1a en balcones y ventanas de viviendas<\/b><span style=\"font-weight: 400;\">. Una ayuda destinada a tanto a favorecer la participaci\u00f3n de sus habitantes como para <\/span><b>fomentar la actividad econ\u00f3mica de los comercios<\/b><span style=\"font-weight: 400;\"> de este municipio castellonense.<\/span><\/p>\n<p><span style=\"font-weight: 400;\">Desde Fotocasa vemos en qu\u00e9 consiste este concurso de<\/span><a href=\"https:\/\/www.fotocasa.es\/fotocasa-life\/consultorio\/pueden-mis-vecinos-prohibirme-decorar-mi-balcon-en-navidad\/\"><span style=\"font-weight: 400;\"> decoraci\u00f3n de balcones de Navidad<\/span><\/a><span style=\"font-weight: 400;\"> y quienes pueden beneficiarse de esta subvenci\u00f3n.<\/span><\/p>\n<p><!--more--><\/p>\n<p><span style=\"font-weight: 400;\"><section class=\"mini-posts\"><div class=\"row align-items-center\"><div class=\"col-4 col-md-3 pt-2 pb-2\"><div class=\"mini-posts__image\"><a href=\"https:\/\/www.fotocasa.es\/fotocasa-life\/subvenciones\/ayudas-y-subvenciones-para-la-vivienda-en-la-comunidad-valenciana\/\"><img decoding=\"async\" src=\"https:\/\/www.fotocasa.es\/fotocasa-life\/wp-content\/uploads\/2024\/10\/Ayudas-y-subvenciones-para-la-vivienda-en-la-Comunidad-Valenciana-355x230.png\" alt=\"Ayudas y subvenciones para la vivienda en la Comunidad Valenciana\" title=\"-\"><\/a><\/div><\/div><div class=\"col-8 col-md-9 pt-2 pb-2\"><h3 class=\"mini-posts__title\"><a href=\"https:\/\/www.fotocasa.es\/fotocasa-life\/subvenciones\/ayudas-y-subvenciones-para-la-vivienda-en-la-comunidad-valenciana\/\">Ayudas y subvenciones para la vivienda en la Comunidad Valenciana<\/a><\/h3><\/div><\/div><\/section> <\/span><\/p>\n","protected":false},"excerpt":{"rendered":"<p>Una subvenci\u00f3n de 900 euros repartidos en tres premios con el objetivo de embellecer y dinamizar el municipio<\/p>\n","protected":false},"author":3,"featured_media":98176,"comment_status":"open","ping_status":"closed","sticky":false,"template":"","format":"standard","meta":{"_lmt_disableupdate":"yes","_lmt_disable":"","footnotes":""},"categories":[2697],"tags":[13308,3404,2412],"class_list":["post-98172","post","type-post","status-publish","format-standard","has-post-thumbnail","hentry","category-inspiracion","tag-ayudas-en-navidad","tag-decoracion-navidena","tag-hogar"],"modified_by":null,"_links":{"self":[{"href":"https:\/\/www.fotocasa.es\/fotocasa-life\/wp-json\/wp\/v2\/posts\/98172","targetHints":{"allow":["GET"]}}],"collection":[{"href":"https:\/\/www.fotocasa.es\/fotocasa-life\/wp-json\/wp\/v2\/posts"}],"about":[{"href":"https:\/\/www.fotocasa.es\/fotocasa-life\/wp-json\/wp\/v2\/types\/post"}],"author":[{"embeddable":true,"href":"https:\/\/www.fotocasa.es\/fotocasa-life\/wp-json\/wp\/v2\/users\/3"}],"replies":[{"embeddable":true,"href":"https:\/\/www.fotocasa.es\/fotocasa-life\/wp-json\/wp\/v2\/comments?post=98172"}],"version-history":[{"count":0,"href":"https:\/\/www.fotocasa.es\/fotocasa-life\/wp-json\/wp\/v2\/posts\/98172\/revisions"}],"wp:featuredmedia":[{"embeddable":true,"href":"https:\/\/www.fotocasa.es\/fotocasa-life\/wp-json\/wp\/v2\/media\/98176"}],"wp:attachment":[{"href":"https:\/\/www.fotocasa.es\/fotocasa-life\/wp-json\/wp\/v2\/media?parent=98172"}],"wp:term":[{"taxonomy":"category","embeddable":true,"href":"https:\/\/www.fotocasa.es\/fotocasa-life\/wp-json\/wp\/v2\/categories?post=98172"},{"taxonomy":"post_tag","embeddable":true,"href":"https:\/\/www.fotocasa.es\/fotocasa-life\/wp-json\/wp\/v2\/tags?post=98172"}],"curies":[{"name":"wp","href":"https:\/\/api.w.org\/{rel}","templated":true}]}}