{"id":98096,"date":"2025-11-26T10:28:23","date_gmt":"2025-11-26T09:28:23","guid":{"rendered":"https:\/\/www.fotocasa.es\/fotocasa-life\/?p=98096"},"modified":"2025-11-26T08:25:08","modified_gmt":"2025-11-26T07:25:08","slug":"prevision-del-precio-de-la-vivienda-2026","status":"publish","type":"post","link":"https:\/\/www.fotocasa.es\/fotocasa-life\/sector\/prevision-del-precio-de-la-vivienda-2026\/","title":{"rendered":"Previsi\u00f3n del precio de vivienda en 2026 en Espa\u00f1a: ser\u00e1 el a\u00f1o de los precios hist\u00f3ricos en la vivienda"},"content":{"rendered":"<p><span style=\"font-weight: 400;\">El sector inmobiliario <strong>despide el a\u00f1o complacido con unos extraordinarios datos de actividad impulsados por las condiciones hipotecarias m\u00e1s favorables de Europa<\/strong> y la consecuente demanda de compra m\u00e1s alta de los \u00faltimos tres a\u00f1os. <\/span><\/p>\n<p><span style=\"font-weight: 400;\"><strong><a href=\"https:\/\/www.fotocasa.es\/fotocasa-life\/compraventa\/evolucion-compraventas-en-espana\/\" target=\"_blank\" rel=\"noopener\">La compraventa de vivienda<\/a> ser\u00e1 la aut\u00e9ntica protagonista que marque el ritmo del mercado<\/strong> y se convertir\u00e1, de nuevo, en uno de los motores de la econom\u00eda espa\u00f1ola.<\/span><\/p>\n<p><!--more--><\/p>\n<section class=\"mini-posts\"><div class=\"row align-items-center\"><div class=\"col-4 col-md-3 pt-2 pb-2\"><div class=\"mini-posts__image\"><a href=\"https:\/\/www.fotocasa.es\/fotocasa-life\/subvenciones\/ayudas-y-subvenciones-para-comprar-vivienda-en-espana\/\"><img decoding=\"async\" src=\"https:\/\/www.fotocasa.es\/fotocasa-life\/wp-content\/uploads\/2024\/09\/all-comprar-355x230.jpg\" alt=\"Ayudas para comprar vivienda en Espa\u00f1a en 2026\" title=\"-\"><\/a><\/div><\/div><div class=\"col-8 col-md-9 pt-2 pb-2\"><h3 class=\"mini-posts__title\"><a href=\"https:\/\/www.fotocasa.es\/fotocasa-life\/subvenciones\/ayudas-y-subvenciones-para-comprar-vivienda-en-espana\/\">Ayudas para comprar vivienda en Espa\u00f1a en 2026<\/a><\/h3><\/div><\/div><\/section>\n","protected":false},"excerpt":{"rendered":"<p>Por primera vez, el encarecimiento de la vivienda har\u00e1 que los precios de compra y de alquiler marquen m\u00e1ximos al mismo tiempo<\/p>\n","protected":false},"author":182,"featured_media":98103,"comment_status":"open","ping_status":"closed","sticky":false,"template":"","format":"standard","meta":{"_lmt_disableupdate":"yes","_lmt_disable":"","footnotes":""},"categories":[2327],"tags":[13287,4489,2184,13286,1864,13284,13285],"class_list":["post-98096","post","type-post","status-publish","format-standard","has-post-thumbnail","hentry","category-sector","tag-acceso-a-la-vivienda-espana-2026","tag-alquilar","tag-comprar","tag-evolucion-precio-vivienda-2025-2026","tag-finanzas","tag-prevision-precio-vivienda-2026-espana","tag-previsiones-mercado-inmobiliario-2026"],"modified_by":null,"_links":{"self":[{"href":"https:\/\/www.fotocasa.es\/fotocasa-life\/wp-json\/wp\/v2\/posts\/98096","targetHints":{"allow":["GET"]}}],"collection":[{"href":"https:\/\/www.fotocasa.es\/fotocasa-life\/wp-json\/wp\/v2\/posts"}],"about":[{"href":"https:\/\/www.fotocasa.es\/fotocasa-life\/wp-json\/wp\/v2\/types\/post"}],"author":[{"embeddable":true,"href":"https:\/\/www.fotocasa.es\/fotocasa-life\/wp-json\/wp\/v2\/users\/182"}],"replies":[{"embeddable":true,"href":"https:\/\/www.fotocasa.es\/fotocasa-life\/wp-json\/wp\/v2\/comments?post=98096"}],"version-history":[{"count":0,"href":"https:\/\/www.fotocasa.es\/fotocasa-life\/wp-json\/wp\/v2\/posts\/98096\/revisions"}],"wp:featuredmedia":[{"embeddable":true,"href":"https:\/\/www.fotocasa.es\/fotocasa-life\/wp-json\/wp\/v2\/media\/98103"}],"wp:attachment":[{"href":"https:\/\/www.fotocasa.es\/fotocasa-life\/wp-json\/wp\/v2\/media?parent=98096"}],"wp:term":[{"taxonomy":"category","embeddable":true,"href":"https:\/\/www.fotocasa.es\/fotocasa-life\/wp-json\/wp\/v2\/categories?post=98096"},{"taxonomy":"post_tag","embeddable":true,"href":"https:\/\/www.fotocasa.es\/fotocasa-life\/wp-json\/wp\/v2\/tags?post=98096"}],"curies":[{"name":"wp","href":"https:\/\/api.w.org\/{rel}","templated":true}]}}