{"id":97821,"date":"2025-11-18T07:12:53","date_gmt":"2025-11-18T06:12:53","guid":{"rendered":"https:\/\/www.fotocasa.es\/fotocasa-life\/?p=97821"},"modified":"2025-11-18T07:12:53","modified_gmt":"2025-11-18T06:12:53","slug":"comprar-casa-espana-mas-barato-que-antes","status":"publish","type":"post","link":"https:\/\/www.fotocasa.es\/fotocasa-life\/compraventa\/comprar-casa-espana-mas-barato-que-antes\/","title":{"rendered":"Las ciudades de Espa\u00f1a donde comprar una casa es m\u00e1s barato que el a\u00f1o pasado"},"content":{"rendered":"<p><span style=\"font-weight: 400;\">El mercado de la vivienda en Espa\u00f1a sigue en plena efervescencia: <\/span><a href=\"https:\/\/www.fotocasa.es\/fotocasa-life\/compraventa\/conoce-el-precio-de-la-vivienda-en-venta-este-mes\/\" target=\"_blank\" rel=\"noopener\"><span style=\"font-weight: 400;\">los precios para comprar vivienda<\/span><\/a><span style=\"font-weight: 400;\"> suben en casi todas las provincias, con incrementos que superan el 20% en lugares como Valencia o Murcia, seg\u00fan datos del \u00cdndice Inmobiliario de Fotocasa comparados con el mismo mes del a\u00f1o pasado. Sin embargo, hay dos excepciones notables.<\/span><\/p>\n<p><span style=\"font-weight: 400;\">El \u00faltimo \u00edndice <\/span><a href=\"https:\/\/www.fotocasa.es\/indice-precio-vivienda\"><span style=\"font-weight: 400;\">Inmobiliario de Fotocasa<\/span><\/a><span style=\"font-weight: 400;\">, correspondiente a octubre de 2025, revela en qu\u00e9 provincias comprar casa en Espa\u00f1a es hoy m\u00e1s barato que hace un a\u00f1o.\u00a0<\/span><\/p>\n<p><span style=\"font-weight: 400;\">Desde Fotocasa mostramos los datos completos, provincia a provincia, para entender c\u00f3mo ha evolucionado el precio medio por metro cuadrado en los \u00faltimos doce meses.<\/span><\/p>\n<p><!--more--><\/p>\n<section class=\"mini-posts\"><div class=\"row align-items-center\"><div class=\"col-4 col-md-3 pt-2 pb-2\"><div class=\"mini-posts__image\"><a href=\"https:\/\/www.fotocasa.es\/fotocasa-life\/compraventa\/conoce-el-precio-de-la-vivienda-en-venta-este-mes\/\"><img decoding=\"async\" src=\"https:\/\/www.fotocasa.es\/fotocasa-life\/wp-content\/uploads\/2020\/01\/\u00bfCuanto-cuesta-comprar-una-casa-355x230.png\" alt=\"\u00bfCu\u00e1nto cuesta comprar una casa en Espa\u00f1a?\" title=\"-\"><\/a><\/div><\/div><div class=\"col-8 col-md-9 pt-2 pb-2\"><h3 class=\"mini-posts__title\"><a href=\"https:\/\/www.fotocasa.es\/fotocasa-life\/compraventa\/conoce-el-precio-de-la-vivienda-en-venta-este-mes\/\">\u00bfCu\u00e1nto cuesta comprar una casa en Espa\u00f1a?<\/a><\/h3><\/div><\/div><\/section>\n","protected":false},"excerpt":{"rendered":"<p>El \u00edndice inmobiliario de Fotocasa revela que en 2025 hay provincias donde el precio para comprar casa ha bajado, una excepci\u00f3n en un mercado que sigue al alza en casi todo el pa\u00eds<\/p>\n","protected":false},"author":3,"featured_media":97822,"comment_status":"open","ping_status":"closed","sticky":false,"template":"","format":"standard","meta":{"_lmt_disableupdate":"yes","_lmt_disable":"","footnotes":""},"categories":[3],"tags":[13181,2184,207],"class_list":["post-97821","post","type-post","status-publish","format-standard","has-post-thumbnail","hentry","category-compraventa","tag-ciudades-en-las-que-baja-el-precio-de-la-vivienda","tag-comprar","tag-precio-de-la-vivienda"],"modified_by":null,"_links":{"self":[{"href":"https:\/\/www.fotocasa.es\/fotocasa-life\/wp-json\/wp\/v2\/posts\/97821","targetHints":{"allow":["GET"]}}],"collection":[{"href":"https:\/\/www.fotocasa.es\/fotocasa-life\/wp-json\/wp\/v2\/posts"}],"about":[{"href":"https:\/\/www.fotocasa.es\/fotocasa-life\/wp-json\/wp\/v2\/types\/post"}],"author":[{"embeddable":true,"href":"https:\/\/www.fotocasa.es\/fotocasa-life\/wp-json\/wp\/v2\/users\/3"}],"replies":[{"embeddable":true,"href":"https:\/\/www.fotocasa.es\/fotocasa-life\/wp-json\/wp\/v2\/comments?post=97821"}],"version-history":[{"count":0,"href":"https:\/\/www.fotocasa.es\/fotocasa-life\/wp-json\/wp\/v2\/posts\/97821\/revisions"}],"wp:featuredmedia":[{"embeddable":true,"href":"https:\/\/www.fotocasa.es\/fotocasa-life\/wp-json\/wp\/v2\/media\/97822"}],"wp:attachment":[{"href":"https:\/\/www.fotocasa.es\/fotocasa-life\/wp-json\/wp\/v2\/media?parent=97821"}],"wp:term":[{"taxonomy":"category","embeddable":true,"href":"https:\/\/www.fotocasa.es\/fotocasa-life\/wp-json\/wp\/v2\/categories?post=97821"},{"taxonomy":"post_tag","embeddable":true,"href":"https:\/\/www.fotocasa.es\/fotocasa-life\/wp-json\/wp\/v2\/tags?post=97821"}],"curies":[{"name":"wp","href":"https:\/\/api.w.org\/{rel}","templated":true}]}}