{"id":97654,"date":"2025-11-03T09:50:47","date_gmt":"2025-11-03T08:50:47","guid":{"rendered":"https:\/\/www.fotocasa.es\/fotocasa-life\/?p=97654"},"modified":"2025-11-03T09:50:47","modified_gmt":"2025-11-03T08:50:47","slug":"asesoramiento-inmobiliario-en-espana-para-vender-alquilar-en-2025","status":"publish","type":"post","link":"https:\/\/www.fotocasa.es\/fotocasa-life\/sector\/asesoramiento-inmobiliario-en-espana-para-vender-alquilar-en-2025\/","title":{"rendered":"El 71% de los espa\u00f1oles demanda ayuda de un profesional para vender o alquilar una vivienda"},"content":{"rendered":"<p><span style=\"font-weight: 400;\"><strong>\u00bfPor qu\u00e9 aumenta la demanda de asesoramiento inmobiliario en Espa\u00f1a?<\/strong> El actual boom del <a href=\"https:\/\/www.fotocasa.es\/fotocasa-life\/compraventa\/evolucion-compraventas-en-espana\/\" target=\"_blank\" rel=\"noopener\">mercado inmobiliario en Espa\u00f1a<\/a> est\u00e1 disparando la demanda de asesoramiento profesional a la hora de vender o alquilar una vivienda. <\/span><\/p>\n<p><span style=\"font-weight: 400;\">Durante este <strong>2025, el 71% de los encuestados ha contado o se plantea contar con la ayuda de un agente profesional para poner en venta o <a href=\"https:\/\/www.fotocasa.es\/fotocasa-life\/alquiler\/como-alquilar-mi-vivienda-con-todas-las-garantias\/\" target=\"_blank\" rel=\"noopener\">arrendar una vivienda de su propiedad<\/a><\/strong> (nueve puntos m\u00e1s que en 2024).<\/span><\/p>\n<p><span style=\"font-weight: 400;\">Concretamente, <strong>el 46% de los propietarios ya ha contratado este tipo de asesoramiento<\/strong> en su interacci\u00f3n en el mercado, mientras que un 25% a\u00fan no lo ha hecho, pero se plantea hacerlo en el futuro, seg\u00fan los <\/span><b>datos de la \u00faltima encuesta realizada por <\/b><b><i>Fotocasa Research<\/i><\/b><b> sobre la profesionalizaci\u00f3n del<a href=\"https:\/\/www.fotocasa.es\/fotocasa-life\/compraventa\/entender-el-mercado-de-la-compraventa-actual\/\" target=\"_blank\" rel=\"noopener\"> mercado de la vivienda en Espa\u00f1a<\/a>.<\/b><\/p>\n<p><!--more--><\/p>\n","protected":false},"excerpt":{"rendered":"<p>La demanda se ha incrementado en todos los segmentos del mercado en el \u00faltimo a\u00f1o, aunque siguen siendo los vendedores quienes m\u00e1s recurren a ella<\/p>\n","protected":false},"author":182,"featured_media":97659,"comment_status":"open","ping_status":"closed","sticky":false,"template":"","format":"standard","meta":{"_lmt_disableupdate":"yes","_lmt_disable":"","footnotes":""},"categories":[2327],"tags":[13130,13128,12759,11957,13129],"class_list":["post-97654","post","type-post","status-publish","format-standard","has-post-thumbnail","hentry","category-sector","tag-agentes-inmobiliarios-espana","tag-asesoramiento-inmobiliario-2025","tag-profesionalizacion-inmobiliaria","tag-sector","tag-vender-o-alquilar-vivienda-con-asesor"],"modified_by":null,"_links":{"self":[{"href":"https:\/\/www.fotocasa.es\/fotocasa-life\/wp-json\/wp\/v2\/posts\/97654","targetHints":{"allow":["GET"]}}],"collection":[{"href":"https:\/\/www.fotocasa.es\/fotocasa-life\/wp-json\/wp\/v2\/posts"}],"about":[{"href":"https:\/\/www.fotocasa.es\/fotocasa-life\/wp-json\/wp\/v2\/types\/post"}],"author":[{"embeddable":true,"href":"https:\/\/www.fotocasa.es\/fotocasa-life\/wp-json\/wp\/v2\/users\/182"}],"replies":[{"embeddable":true,"href":"https:\/\/www.fotocasa.es\/fotocasa-life\/wp-json\/wp\/v2\/comments?post=97654"}],"version-history":[{"count":0,"href":"https:\/\/www.fotocasa.es\/fotocasa-life\/wp-json\/wp\/v2\/posts\/97654\/revisions"}],"wp:featuredmedia":[{"embeddable":true,"href":"https:\/\/www.fotocasa.es\/fotocasa-life\/wp-json\/wp\/v2\/media\/97659"}],"wp:attachment":[{"href":"https:\/\/www.fotocasa.es\/fotocasa-life\/wp-json\/wp\/v2\/media?parent=97654"}],"wp:term":[{"taxonomy":"category","embeddable":true,"href":"https:\/\/www.fotocasa.es\/fotocasa-life\/wp-json\/wp\/v2\/categories?post=97654"},{"taxonomy":"post_tag","embeddable":true,"href":"https:\/\/www.fotocasa.es\/fotocasa-life\/wp-json\/wp\/v2\/tags?post=97654"}],"curies":[{"name":"wp","href":"https:\/\/api.w.org\/{rel}","templated":true}]}}