{"id":97427,"date":"2025-10-20T07:12:11","date_gmt":"2025-10-20T05:12:11","guid":{"rendered":"https:\/\/www.fotocasa.es\/fotocasa-life\/?p=97427"},"modified":"2025-10-20T10:01:11","modified_gmt":"2025-10-20T08:01:11","slug":"robo-en-vivienda-alquilada","status":"publish","type":"post","link":"https:\/\/www.fotocasa.es\/fotocasa-life\/alquiler\/robo-en-vivienda-alquilada\/","title":{"rendered":"\u00bfQui\u00e9n paga los da\u00f1os por robo en una vivienda de alquiler?"},"content":{"rendered":"<p><span style=\"font-weight: 400;\">Entre los t\u00e9rminos de un contrato de alquiler suelen aparecer temas como la duraci\u00f3n, la cuota a pagar e incluso el inventario de muebles o electrodom\u00e9sticos del piso.<\/span><\/p>\n<p><span style=\"font-weight: 400;\">Sin embargo, <\/span><b>muchas veces pasamos por alto situaciones que err\u00f3neamente dejamos en un segundo plano,<\/b><span style=\"font-weight: 400;\"> como por ejemplo c\u00f3mo actuar y qui\u00e9n debe encargarse de los desperfectos <\/span><b>si sufrimos un robo en nuestra vivienda alquilada<\/b><span style=\"font-weight: 400;\">.<\/span><\/p>\n<p><span style=\"font-weight: 400;\">Para saber si esto es responsabilidad del propietario o del inquilino, desde Fotocasa vemos c\u00f3mo est\u00e1 regulado seg\u00fan la <\/span><a href=\"https:\/\/www.fotocasa.es\/fotocasa-life\/alquiler\/ley-arrendamientos-urbanos-en-cinco-puntos-clave\/\" target=\"_blank\" rel=\"noopener\"><span style=\"font-weight: 400;\">Ley de Arrendamientos Urbanos<\/span><\/a><span style=\"font-weight: 400;\"> y de qu\u00e9 factores depende.<\/span><\/p>\n<p><!--more--><\/p>\n<p><span style=\"font-weight: 400;\"><section class=\"mini-posts\"><div class=\"row align-items-center\"><div class=\"col-4 col-md-3 pt-2 pb-2\"><div class=\"mini-posts__image\"><a href=\"https:\/\/www.fotocasa.es\/fotocasa-life\/ebook-gratis\/ebook-que-debes-saber-antes-de-firmar-un-contrato-de-alquiler\/\"><img decoding=\"async\" src=\"https:\/\/www.fotocasa.es\/fotocasa-life\/wp-content\/uploads\/2022\/07\/img-ficha_firmaralquiler.png\" alt=\"Ebook - Qu\u00e9 debes saber antes de firmar un contrato de alquiler\" title=\"-\"><\/a><\/div><\/div><div class=\"col-8 col-md-9 pt-2 pb-2\"><h3 class=\"mini-posts__title\"><a href=\"https:\/\/www.fotocasa.es\/fotocasa-life\/ebook-gratis\/ebook-que-debes-saber-antes-de-firmar-un-contrato-de-alquiler\/\">Ebook - Qu\u00e9 debes saber antes de firmar un contrato de alquiler<\/a><\/h3><\/div><\/div><\/section><\/span><\/p>\n","protected":false},"excerpt":{"rendered":"<p>Entender qu\u00e9 ocurre tras un robo en una vivienda alquilada no siempre es sencillo: inquilino y propietario pueden tener responsabilidades distintas seg\u00fan el tipo de da\u00f1os<\/p>\n","protected":false},"author":3,"featured_media":97428,"comment_status":"open","ping_status":"closed","sticky":false,"template":"","format":"standard","meta":{"_lmt_disableupdate":"yes","_lmt_disable":"","footnotes":""},"categories":[2],"tags":[12864,1068,13090],"class_list":["post-97427","post","type-post","status-publish","format-standard","has-post-thumbnail","hentry","category-alquiler","tag-danos-robo-piso-alquilado","tag-ley-de-arrendamientos-urbanos","tag-robo-vivienda-alquiler"],"modified_by":null,"_links":{"self":[{"href":"https:\/\/www.fotocasa.es\/fotocasa-life\/wp-json\/wp\/v2\/posts\/97427","targetHints":{"allow":["GET"]}}],"collection":[{"href":"https:\/\/www.fotocasa.es\/fotocasa-life\/wp-json\/wp\/v2\/posts"}],"about":[{"href":"https:\/\/www.fotocasa.es\/fotocasa-life\/wp-json\/wp\/v2\/types\/post"}],"author":[{"embeddable":true,"href":"https:\/\/www.fotocasa.es\/fotocasa-life\/wp-json\/wp\/v2\/users\/3"}],"replies":[{"embeddable":true,"href":"https:\/\/www.fotocasa.es\/fotocasa-life\/wp-json\/wp\/v2\/comments?post=97427"}],"version-history":[{"count":0,"href":"https:\/\/www.fotocasa.es\/fotocasa-life\/wp-json\/wp\/v2\/posts\/97427\/revisions"}],"wp:featuredmedia":[{"embeddable":true,"href":"https:\/\/www.fotocasa.es\/fotocasa-life\/wp-json\/wp\/v2\/media\/97428"}],"wp:attachment":[{"href":"https:\/\/www.fotocasa.es\/fotocasa-life\/wp-json\/wp\/v2\/media?parent=97427"}],"wp:term":[{"taxonomy":"category","embeddable":true,"href":"https:\/\/www.fotocasa.es\/fotocasa-life\/wp-json\/wp\/v2\/categories?post=97427"},{"taxonomy":"post_tag","embeddable":true,"href":"https:\/\/www.fotocasa.es\/fotocasa-life\/wp-json\/wp\/v2\/tags?post=97427"}],"curies":[{"name":"wp","href":"https:\/\/api.w.org\/{rel}","templated":true}]}}