{"id":96613,"date":"2025-09-08T09:50:40","date_gmt":"2025-09-08T07:50:40","guid":{"rendered":"https:\/\/www.fotocasa.es\/fotocasa-life\/?p=96613"},"modified":"2025-09-08T09:50:40","modified_gmt":"2025-09-08T07:50:40","slug":"precio-del-alquiler-de-habitaciones-en-espana-2025","status":"publish","type":"post","link":"https:\/\/www.fotocasa.es\/fotocasa-life\/compartir-piso\/precio-del-alquiler-de-habitaciones-en-espana-2025\/","title":{"rendered":"Compartir vivienda en 2025 cuesta un 55% m\u00e1s que hace tres a\u00f1os"},"content":{"rendered":"<p><span style=\"font-weight: 400;\"><strong>El precio de una habitaci\u00f3n en Espa\u00f1a cuesta de media 510 euros al mes<\/strong>, es decir, un 55,1% m\u00e1s que hace 3 a\u00f1os (2022) y un 61% m\u00e1s respecto a hace 5 a\u00f1os (2020), seg\u00fan el estudio <\/span><b><i>\u201cViviendas compartidas en Espa\u00f1a en 2025<\/i><\/b><span style=\"font-weight: 400;\">\u201d basado en los precios de la vivienda compartida del mes de julio de los \u00faltimos 10 a\u00f1os del \u00cdndice Inmobiliario <\/span><span style=\"font-weight: 400;\">Fotocasa<\/span><span style=\"font-weight: 400;\">.\u00a0<\/span><\/p>\n<p><span style=\"font-weight: 400;\">As\u00ed, los precios medios de las habitaciones <\/span><b>en apenas un a\u00f1o se incrementaron un 9,8%, pasando de los 445 euros\/mes en julio de 2024 a los 488 euros\/mes <\/b><span style=\"font-weight: 400;\">de julio de 2025.<\/span><\/p>\n<section class=\"mini-posts\"><div class=\"row align-items-center\"><div class=\"col-4 col-md-3 pt-2 pb-2\"><div class=\"mini-posts__image\"><a href=\"https:\/\/www.fotocasa.es\/fotocasa-life\/alquiler\/es-necesario-hacer-un-contrato-de-arrendamiento-para-alquilar-una-habitacion\/\"><img decoding=\"async\" src=\"https:\/\/www.fotocasa.es\/fotocasa-life\/wp-content\/uploads\/2022\/03\/Contrato-de-alquiler-de-habitacion0.jpg\" alt=\"\u00bfQu\u00e9 tener en cuenta al alquilar una habitaci\u00f3n?\" title=\"-\"><\/a><\/div><\/div><div class=\"col-8 col-md-9 pt-2 pb-2\"><h3 class=\"mini-posts__title\"><a href=\"https:\/\/www.fotocasa.es\/fotocasa-life\/alquiler\/es-necesario-hacer-un-contrato-de-arrendamiento-para-alquilar-una-habitacion\/\">\u00bfQu\u00e9 tener en cuenta al alquilar una habitaci\u00f3n?<\/a><\/h3><\/div><\/div><\/section>\n","protected":false},"excerpt":{"rendered":"<p>En apenas un a\u00f1o, el precio medio del alquiler de una habitaci\u00f3n se incrementa un 6,8%<\/p>\n","protected":false},"author":182,"featured_media":96616,"comment_status":"open","ping_status":"closed","sticky":false,"template":"","format":"standard","meta":{"_lmt_disableupdate":"yes","_lmt_disable":"","footnotes":""},"categories":[4275],"tags":[12228,12112,12945],"class_list":["post-96613","post","type-post","status-publish","format-standard","has-post-thumbnail","hentry","category-compartir-piso","tag-alquiler-de-habitaciones","tag-compartir","tag-habitacion-compartida"],"modified_by":"laia.ines@adevinta.com","_links":{"self":[{"href":"https:\/\/www.fotocasa.es\/fotocasa-life\/wp-json\/wp\/v2\/posts\/96613","targetHints":{"allow":["GET"]}}],"collection":[{"href":"https:\/\/www.fotocasa.es\/fotocasa-life\/wp-json\/wp\/v2\/posts"}],"about":[{"href":"https:\/\/www.fotocasa.es\/fotocasa-life\/wp-json\/wp\/v2\/types\/post"}],"author":[{"embeddable":true,"href":"https:\/\/www.fotocasa.es\/fotocasa-life\/wp-json\/wp\/v2\/users\/182"}],"replies":[{"embeddable":true,"href":"https:\/\/www.fotocasa.es\/fotocasa-life\/wp-json\/wp\/v2\/comments?post=96613"}],"version-history":[{"count":0,"href":"https:\/\/www.fotocasa.es\/fotocasa-life\/wp-json\/wp\/v2\/posts\/96613\/revisions"}],"wp:featuredmedia":[{"embeddable":true,"href":"https:\/\/www.fotocasa.es\/fotocasa-life\/wp-json\/wp\/v2\/media\/96616"}],"wp:attachment":[{"href":"https:\/\/www.fotocasa.es\/fotocasa-life\/wp-json\/wp\/v2\/media?parent=96613"}],"wp:term":[{"taxonomy":"category","embeddable":true,"href":"https:\/\/www.fotocasa.es\/fotocasa-life\/wp-json\/wp\/v2\/categories?post=96613"},{"taxonomy":"post_tag","embeddable":true,"href":"https:\/\/www.fotocasa.es\/fotocasa-life\/wp-json\/wp\/v2\/tags?post=96613"}],"curies":[{"name":"wp","href":"https:\/\/api.w.org\/{rel}","templated":true}]}}