{"id":96576,"date":"2025-08-26T09:50:20","date_gmt":"2025-08-26T07:50:20","guid":{"rendered":"https:\/\/www.fotocasa.es\/fotocasa-life\/?p=96576"},"modified":"2025-08-26T09:50:20","modified_gmt":"2025-08-26T07:50:20","slug":"preferencia-por-comprar-vivienda-frente-al-alquiler-en-espana","status":"publish","type":"post","link":"https:\/\/www.fotocasa.es\/fotocasa-life\/compraventa\/preferencia-por-comprar-vivienda-frente-al-alquiler-en-espana\/","title":{"rendered":"3 de cada 4 espa\u00f1oles prefieren hipotecarse para comprar una vivienda que pagar un alquiler"},"content":{"rendered":"<p><span style=\"font-weight: 400;\"><strong>\u00bfEs mejor comprar vivienda frente al alquiler?<\/strong> El 73% de los espa\u00f1oles activos en el mercado de la vivienda consideran que el precio actual del alquiler hace que compense m\u00e1s pagar una hipoteca que arrendar un inmueble como inquilinos. <\/span><\/p>\n<p><span style=\"font-weight: 400;\">Esta opini\u00f3n recibe un respaldo cuatro puntos porcentuales por encima en comparaci\u00f3n con 2024 y una nota media de 7,7 (dos d\u00e9cimas m\u00e1s que hace un a\u00f1o), por lo que se trata de la valoraci\u00f3n que genera un mayor consenso y que recibe una puntuaci\u00f3n m\u00e1s alta entre los encuestados.\u00a0<\/span><\/p>\n<p><span style=\"font-weight: 400;\">Vinculada con esta cuesti\u00f3n, se encuentra el criterio general sobre la financiaci\u00f3n de la vivienda: un 66% de los encuestados afirman que las condiciones hipotecarias actuales a\u00fan hacen dif\u00edcil la compra de vivienda. <\/span><\/p>\n<p><span style=\"font-weight: 400;\">Con todo, esta opini\u00f3n recibe un respaldo doce puntos inferior que en 2024 (cuando ascend\u00eda hasta el 78%) y una nota media de 7,3 (siete d\u00e9cimas menos), reflejando la mayor accesibilidad a la financiaci\u00f3n hipotecaria gracias a la relajaci\u00f3n de los tipos de inter\u00e9s durante los \u00faltimos meses. <\/span><b>Estas son algunas de las principales conclusiones que refleja el informe\u00a0\u201c<\/b><a href=\"https:\/\/s36216.pcdn.co\/wp-content\/uploads\/2025\/05\/radiografia-mercado-vivienda-primer-semestre2025-1.pdf\" target=\"_blank\" rel=\"noopener\"><b><i>Radiograf\u00eda de la vivienda\u00a0en el primer semestre de 2025<\/i><\/b><b>\u00a0<\/b><\/a><b><i>\u201c <\/i><\/b><b>realizado por\u00a0<\/b><b>Fotocasa Research<\/b><span style=\"font-weight: 400;\">.<\/span><\/p>\n<section class=\"mini-posts\"><div class=\"row align-items-center\"><div class=\"col-4 col-md-3 pt-2 pb-2\"><div class=\"mini-posts__image\"><a href=\"https:\/\/www.fotocasa.es\/fotocasa-life\/compraventa\/es-mejor-comprar-o-alquilar-en-2023\/\"><img decoding=\"async\" src=\"https:\/\/www.fotocasa.es\/fotocasa-life\/wp-content\/uploads\/2024\/02\/comprar-o-alquilar-vivienda-355x230.jpg\" alt=\"Comprar o alquilar en 2026: \u00bfqu\u00e9 es mejor?\" title=\"-\"><\/a><\/div><\/div><div class=\"col-8 col-md-9 pt-2 pb-2\"><h3 class=\"mini-posts__title\"><a href=\"https:\/\/www.fotocasa.es\/fotocasa-life\/compraventa\/es-mejor-comprar-o-alquilar-en-2023\/\">Comprar o alquilar en 2026: \u00bfqu\u00e9 es mejor?<\/a><\/h3><\/div><\/div><\/section>\n","protected":false},"excerpt":{"rendered":"<p>El 70% de las personas activas en el mercado inmobiliario defienden que comprar una vivienda es una buena inversi\u00f3n<\/p>\n","protected":false},"author":182,"featured_media":96580,"comment_status":"open","ping_status":"closed","sticky":false,"template":"","format":"standard","meta":{"_lmt_disableupdate":"yes","_lmt_disable":"","footnotes":""},"categories":[3],"tags":[12889,12890,12891,12892,12893],"class_list":["post-96576","post","type-post","status-publish","format-standard","has-post-thumbnail","hentry","category-compraventa","tag-comprar-vivienda-mas-rentable-que-alquilar","tag-hipoteca-mas-barata-que-alquiler-2025","tag-intencion-de-compra-de-vivienda-en-espana","tag-opinion-de-los-espanoles-sobre-alquiler","tag-tendencia-de-compra-de-vivienda-2025"],"modified_by":"Jessica Llavero","_links":{"self":[{"href":"https:\/\/www.fotocasa.es\/fotocasa-life\/wp-json\/wp\/v2\/posts\/96576","targetHints":{"allow":["GET"]}}],"collection":[{"href":"https:\/\/www.fotocasa.es\/fotocasa-life\/wp-json\/wp\/v2\/posts"}],"about":[{"href":"https:\/\/www.fotocasa.es\/fotocasa-life\/wp-json\/wp\/v2\/types\/post"}],"author":[{"embeddable":true,"href":"https:\/\/www.fotocasa.es\/fotocasa-life\/wp-json\/wp\/v2\/users\/182"}],"replies":[{"embeddable":true,"href":"https:\/\/www.fotocasa.es\/fotocasa-life\/wp-json\/wp\/v2\/comments?post=96576"}],"version-history":[{"count":0,"href":"https:\/\/www.fotocasa.es\/fotocasa-life\/wp-json\/wp\/v2\/posts\/96576\/revisions"}],"wp:featuredmedia":[{"embeddable":true,"href":"https:\/\/www.fotocasa.es\/fotocasa-life\/wp-json\/wp\/v2\/media\/96580"}],"wp:attachment":[{"href":"https:\/\/www.fotocasa.es\/fotocasa-life\/wp-json\/wp\/v2\/media?parent=96576"}],"wp:term":[{"taxonomy":"category","embeddable":true,"href":"https:\/\/www.fotocasa.es\/fotocasa-life\/wp-json\/wp\/v2\/categories?post=96576"},{"taxonomy":"post_tag","embeddable":true,"href":"https:\/\/www.fotocasa.es\/fotocasa-life\/wp-json\/wp\/v2\/tags?post=96576"}],"curies":[{"name":"wp","href":"https:\/\/api.w.org\/{rel}","templated":true}]}}