{"id":96415,"date":"2025-07-31T07:15:29","date_gmt":"2025-07-31T05:15:29","guid":{"rendered":"https:\/\/www.fotocasa.es\/fotocasa-life\/?p=96415"},"modified":"2025-07-31T07:15:29","modified_gmt":"2025-07-31T05:15:29","slug":"vivir-en-vilafranca-del-penedes-calidad-de-vida","status":"publish","type":"post","link":"https:\/\/www.fotocasa.es\/fotocasa-life\/curiosidades\/vivir-en-vilafranca-del-penedes-calidad-de-vida\/","title":{"rendered":"As\u00ed es vivir en Vilafranca del Pened\u00e8s: calma y calidad de vida"},"content":{"rendered":"<p><span style=\"font-weight: 400;\">Cuando nos planteamos un cambio de vivienda o iniciar una nueva etapa, buscar un entorno que combine <\/span><b>calidad de vida, buena conexi\u00f3n, servicios y encanto local<\/b><span style=\"font-weight: 400;\"> se convierte en una prioridad. En este sentido, <\/span><a href=\"https:\/\/www.fotocasa.es\/es\/vivir-en-vilafranca-del-penedes\/vilafranca-del-penedes\" target=\"_blank\" rel=\"noopener\"><span style=\"font-weight: 400;\">vivir en Vilafranca del Pened\u00e8s<\/span><\/a><span style=\"font-weight: 400;\"> es una de esas decisiones que ganan peso cuanto m\u00e1s se conoce esta maravillosa ciudad del Alt Pened\u00e8s.<\/span><\/p>\n<p><span style=\"font-weight: 400;\">Situada <\/span><b>a apenas 40 minutos tanto de Barcelona<\/b><span style=\"font-weight: 400;\"> como de Tarragona, <\/span><b>Vilafranca es el coraz\u00f3n vin\u00edcola de Catalu\u00f1a<\/b><span style=\"font-weight: 400;\">, rodeada de vi\u00f1edos y con un patrimonio hist\u00f3rico y cultural que se respira en cada rinc\u00f3n.<\/span><\/p>\n<p><span style=\"font-weight: 400;\">Desde Fotocasa, en colaboraci\u00f3n con Serra Grup Inmobiliari, descubrimos c\u00f3mo se vive en Vilafranca del Pened\u00e8s, calles tranquilas con alma de pueblo grande pero con todos los servicios y dinamismo de la ciudad.<\/span><\/p>\n","protected":false},"excerpt":{"rendered":"<p>Una ciudad donde la cultura, la historia y la calidad de vida van de la mano<\/p>\n","protected":false},"author":3,"featured_media":96447,"comment_status":"open","ping_status":"closed","sticky":false,"template":"","format":"standard","meta":{"_lmt_disableupdate":"yes","_lmt_disable":"","footnotes":""},"categories":[2452],"tags":[12831,12832,12830],"class_list":["post-96415","post","type-post","status-publish","format-standard","has-post-thumbnail","hentry","category-curiosidades","tag-cambiar-de-ciudad","tag-vivir-en-cataluna","tag-vivir-en-vilafranca-del-penedes"],"modified_by":null,"_links":{"self":[{"href":"https:\/\/www.fotocasa.es\/fotocasa-life\/wp-json\/wp\/v2\/posts\/96415","targetHints":{"allow":["GET"]}}],"collection":[{"href":"https:\/\/www.fotocasa.es\/fotocasa-life\/wp-json\/wp\/v2\/posts"}],"about":[{"href":"https:\/\/www.fotocasa.es\/fotocasa-life\/wp-json\/wp\/v2\/types\/post"}],"author":[{"embeddable":true,"href":"https:\/\/www.fotocasa.es\/fotocasa-life\/wp-json\/wp\/v2\/users\/3"}],"replies":[{"embeddable":true,"href":"https:\/\/www.fotocasa.es\/fotocasa-life\/wp-json\/wp\/v2\/comments?post=96415"}],"version-history":[{"count":0,"href":"https:\/\/www.fotocasa.es\/fotocasa-life\/wp-json\/wp\/v2\/posts\/96415\/revisions"}],"wp:featuredmedia":[{"embeddable":true,"href":"https:\/\/www.fotocasa.es\/fotocasa-life\/wp-json\/wp\/v2\/media\/96447"}],"wp:attachment":[{"href":"https:\/\/www.fotocasa.es\/fotocasa-life\/wp-json\/wp\/v2\/media?parent=96415"}],"wp:term":[{"taxonomy":"category","embeddable":true,"href":"https:\/\/www.fotocasa.es\/fotocasa-life\/wp-json\/wp\/v2\/categories?post=96415"},{"taxonomy":"post_tag","embeddable":true,"href":"https:\/\/www.fotocasa.es\/fotocasa-life\/wp-json\/wp\/v2\/tags?post=96415"}],"curies":[{"name":"wp","href":"https:\/\/api.w.org\/{rel}","templated":true}]}}