{"id":96336,"date":"2025-07-30T07:15:47","date_gmt":"2025-07-30T05:15:47","guid":{"rendered":"https:\/\/www.fotocasa.es\/fotocasa-life\/?p=96336"},"modified":"2025-07-30T07:15:47","modified_gmt":"2025-07-30T05:15:47","slug":"chalet-altos-monteros-marbella","status":"publish","type":"post","link":"https:\/\/www.fotocasa.es\/fotocasa-life\/inspiracion\/chalet-altos-monteros-marbella\/","title":{"rendered":"Chalet en Alto de los Monteros, una villa con alma en Marbella Este"},"content":{"rendered":"<p><span style=\"font-weight: 400;\">\u00bfImaginas despertar cada ma\u00f1ana con la brisa del Mediterr\u00e1neo col\u00e1ndose por las ventanas? Esta <\/span><b>espectacular villa, gestionada por la inmobiliaria Gilmar, y situada en la prestigiosa zona de Los Altos de los Monteros, es mucho m\u00e1s que una vivienda<\/b><span style=\"font-weight: 400;\">. Es una experiencia, es hogar y refugio. Un espacio dise\u00f1ado para el disfrute, la tranquilidad y el confort.<\/span><\/p>\n<p><span style=\"font-weight: 400;\">En una parcela de <\/span><b>1.520 m\u00b2<\/b><span style=\"font-weight: 400;\"> orientada al sureste, se alza esta propiedad de <\/span><b>523 m\u00b2 construidos<\/b><span style=\"font-weight: 400;\"> repartidos en tres plantas, pensada hasta el \u00faltimo detalle. Este chalet en Altos de los Monteros Marbella, est\u00e1 construido por el propio propietario con mimo y personalidad, no hablamos de una casa est\u00e1ndar.\u00a0<\/span><\/p>\n<p><span style=\"font-weight: 400;\">Desde Fotocasa vamos a hacer un recorrido por esta joya arquitect\u00f3nica que mira al mar, un <\/span><a href=\"https:\/\/www.fotocasa.es\/es\/comprar\/vivienda\/marbella\/aire-acondicionado-calefaccion-parking-jardin-terraza-trastero-piscina-no-amueblado\/186344114\/d\" target=\"_blank\" rel=\"noopener\"><span style=\"font-weight: 400;\">chalet en venta en Marbella Este<\/span><\/a><span style=\"font-weight: 400;\"> que no deja indiferente a nadie.<\/span><\/p>\n","protected":false},"excerpt":{"rendered":"<p>Descubrimos una impresionante vivienda en Los Altos de los Monteros que combina elegancia, privacidad y panor\u00e1micas inolvidables<\/p>\n","protected":false},"author":3,"featured_media":96337,"comment_status":"open","ping_status":"closed","sticky":false,"template":"","format":"standard","meta":{"_lmt_disableupdate":"yes","_lmt_disable":"","footnotes":""},"categories":[2697],"tags":[],"class_list":["post-96336","post","type-post","status-publish","format-standard","has-post-thumbnail","hentry","category-inspiracion"],"modified_by":null,"_links":{"self":[{"href":"https:\/\/www.fotocasa.es\/fotocasa-life\/wp-json\/wp\/v2\/posts\/96336","targetHints":{"allow":["GET"]}}],"collection":[{"href":"https:\/\/www.fotocasa.es\/fotocasa-life\/wp-json\/wp\/v2\/posts"}],"about":[{"href":"https:\/\/www.fotocasa.es\/fotocasa-life\/wp-json\/wp\/v2\/types\/post"}],"author":[{"embeddable":true,"href":"https:\/\/www.fotocasa.es\/fotocasa-life\/wp-json\/wp\/v2\/users\/3"}],"replies":[{"embeddable":true,"href":"https:\/\/www.fotocasa.es\/fotocasa-life\/wp-json\/wp\/v2\/comments?post=96336"}],"version-history":[{"count":0,"href":"https:\/\/www.fotocasa.es\/fotocasa-life\/wp-json\/wp\/v2\/posts\/96336\/revisions"}],"wp:featuredmedia":[{"embeddable":true,"href":"https:\/\/www.fotocasa.es\/fotocasa-life\/wp-json\/wp\/v2\/media\/96337"}],"wp:attachment":[{"href":"https:\/\/www.fotocasa.es\/fotocasa-life\/wp-json\/wp\/v2\/media?parent=96336"}],"wp:term":[{"taxonomy":"category","embeddable":true,"href":"https:\/\/www.fotocasa.es\/fotocasa-life\/wp-json\/wp\/v2\/categories?post=96336"},{"taxonomy":"post_tag","embeddable":true,"href":"https:\/\/www.fotocasa.es\/fotocasa-life\/wp-json\/wp\/v2\/tags?post=96336"}],"curies":[{"name":"wp","href":"https:\/\/api.w.org\/{rel}","templated":true}]}}