{"id":9615,"date":"2015-12-17T10:55:48","date_gmt":"2015-12-17T09:55:48","guid":{"rendered":"https:\/\/www.fotocasa.es\/fotocasa-life\/?p=9615"},"modified":"2022-11-08T09:53:12","modified_gmt":"2022-11-08T08:53:12","slug":"algunas-ideas-para-decorar-con-cajas-de-madera-atrevete-diy","status":"publish","type":"post","link":"https:\/\/www.fotocasa.es\/fotocasa-life\/hogar\/decoracion\/algunas-ideas-para-decorar-con-cajas-de-madera-atrevete-diy\/","title":{"rendered":"Algunas ideas para decorar con cajas de madera \u00a1Atr\u00e9vete! DIY"},"content":{"rendered":"<p>\u00bfOs gustan las manualidades? \u00bfQu\u00e9 tal se os da decorar con objetos reciclados? \u00bfNos atrevemos con cajas de madera\u2026? S\u00ed, s\u00ed, las cl\u00e1sicas <strong>cajas de fruta o vino pueden convertirse en muebles de gran utilidad<\/strong>, con un encanto innato. Descubre algunas ideas curiosas para hacer.<\/p>\n<p><strong>Estanter\u00edas<\/strong><\/p>\n<p>Las cajas de madera, si las anclamos bien a la pared pueden ser una <strong>forma de almacenaje perfecta<\/strong> para <a href=\"https:\/\/www.fotocasa.es\/fotocasa-life\/decoracion\/como-mantener-el-salon-ordenado\/\"><strong>libros, m\u00fasica, objetos decorativos o fotos<\/strong><\/a>. Hasta para crear unos muebles de recibidor con encanto en el que los que dejar los zapatos, bolsos o paraguas.<\/p>\n<p><img loading=\"lazy\" decoding=\"async\" class=\"aligncenter wp-image-9617\" src=\"https:\/\/www.fotocasa.es\/fotocasa-life\/wp-content\/uploads\/2015\/12\/caja-madera-L-XUEOSp-300x267.jpeg\" alt=\"caja-madera-\" width=\"400\" height=\"356\" title=\"-\" srcset=\"https:\/\/www.fotocasa.es\/fotocasa-life\/wp-content\/uploads\/2015\/12\/caja-madera-L-XUEOSp-300x267.jpeg 300w, https:\/\/www.fotocasa.es\/fotocasa-life\/wp-content\/uploads\/2015\/12\/caja-madera-L-XUEOSp-150x134.jpeg 150w, https:\/\/www.fotocasa.es\/fotocasa-life\/wp-content\/uploads\/2015\/12\/caja-madera-L-XUEOSp.jpeg 640w\" sizes=\"auto, (max-width: 400px) 100vw, 400px\" \/><\/p>\n<p><strong>Bandejas<\/strong><\/p>\n<p>\u00bfOs gusta desayunar en la cama el domingo? Pues las cajas de madera pueden convertirse en unas bandejas perfectas para cargar con la comida\u2026 Y si no, para la merienda de los invitados, llevar la comida a la mesa, etc. La madera es resistente y \u00fatil para realizar esta funci\u00f3n.<\/p>\n<p><img loading=\"lazy\" decoding=\"async\" class=\"aligncenter wp-image-9618\" src=\"https:\/\/www.fotocasa.es\/fotocasa-life\/wp-content\/uploads\/2015\/12\/caja-de-vino-reciclada-300x300.jpg\" alt=\"caja-de-vino-reciclada\" width=\"400\" height=\"400\" title=\"-\" srcset=\"https:\/\/www.fotocasa.es\/fotocasa-life\/wp-content\/uploads\/2015\/12\/caja-de-vino-reciclada-300x300.jpg 300w, https:\/\/www.fotocasa.es\/fotocasa-life\/wp-content\/uploads\/2015\/12\/caja-de-vino-reciclada-150x150.jpg 150w, https:\/\/www.fotocasa.es\/fotocasa-life\/wp-content\/uploads\/2015\/12\/caja-de-vino-reciclada.jpg 480w\" sizes=\"auto, (max-width: 400px) 100vw, 400px\" \/><\/p>\n<p>&nbsp;<\/p>\n<p><strong>Almacenaje de juguetes<\/strong><\/p>\n<p>Los ni\u00f1os, y no tan ni\u00f1os, pueden llegar a tener muchos juguetes y peluches \u00bfverdad? Utiliza \u00a1unas cajas de madera para guardarlos! <strong>Colocadas en el suelo, son de f\u00e1cil acceso para los peque\u00f1os<\/strong> y, si adem\u00e1s les colocamos ruedas, las podr\u00e1n llevar a otras estancias de la casa, de forma que les sea m\u00e1s f\u00e1cil ordenar despu\u00e9s. Adem\u00e1s, si las pintamos \u2013con ellos, si queremos hacer una actividad conjunta- , podemos darle un aire alegre y divertido a <a href=\"https:\/\/www.fotocasa.es\/fotocasa-life\/decoracion\/5-tips-para-amueblar-y-decorar-el-cuarto-de-los-ninos\/\"><strong>la habitaci\u00f3n del ni\u00f1o<\/strong><\/a>.<\/p>\n<p><img loading=\"lazy\" decoding=\"async\" class=\"aligncenter wp-image-9619\" src=\"https:\/\/www.fotocasa.es\/fotocasa-life\/wp-content\/uploads\/2015\/12\/reciclar-cajas-300x247.jpg\" alt=\"reciclar-cajas\" width=\"400\" height=\"330\" title=\"-\" srcset=\"https:\/\/www.fotocasa.es\/fotocasa-life\/wp-content\/uploads\/2015\/12\/reciclar-cajas-300x247.jpg 300w, https:\/\/www.fotocasa.es\/fotocasa-life\/wp-content\/uploads\/2015\/12\/reciclar-cajas-150x124.jpg 150w, https:\/\/www.fotocasa.es\/fotocasa-life\/wp-content\/uploads\/2015\/12\/reciclar-cajas.jpg 500w\" sizes=\"auto, (max-width: 400px) 100vw, 400px\" \/><\/p>\n<p>&nbsp;<\/p>\n<p><strong>Zapateros<\/strong><\/p>\n<p>Si te apasionan los zapatos, \u00e9sta puede ser una idea perfecta y econ\u00f3mica de <strong>mantenerlos todos en orden<\/strong>. Tan s\u00f3lo tenemos que juntar varias cajas, que se ajusten a nuestras necesidades y, sobre todo, al espacio disponible, para disfrutar de un zapatero original. \u00a1Qu\u00e9 mejor manera de lucirlos!<\/p>\n<p><img loading=\"lazy\" decoding=\"async\" class=\"aligncenter wp-image-9620\" src=\"https:\/\/www.fotocasa.es\/fotocasa-life\/wp-content\/uploads\/2015\/12\/181ea67b2f60f31500aab7d3382543b3-300x300.jpg\" alt=\"cajas de madera\" width=\"400\" height=\"400\" title=\"-\" srcset=\"https:\/\/www.fotocasa.es\/fotocasa-life\/wp-content\/uploads\/2015\/12\/181ea67b2f60f31500aab7d3382543b3-300x300.jpg 300w, https:\/\/www.fotocasa.es\/fotocasa-life\/wp-content\/uploads\/2015\/12\/181ea67b2f60f31500aab7d3382543b3-150x150.jpg 150w, https:\/\/www.fotocasa.es\/fotocasa-life\/wp-content\/uploads\/2015\/12\/181ea67b2f60f31500aab7d3382543b3.jpg 550w\" sizes=\"auto, (max-width: 400px) 100vw, 400px\" \/><\/p>\n<p>&nbsp;<\/p>\n<p><strong>Mesas de centro o auxiliares<\/strong><\/p>\n<p>Disfrutar de una<strong> mesa de apoyo para tomar el caf\u00e9 o de un lugar donde dejar las revistas<\/strong> de una forma original es m\u00e1s f\u00e1cil de lo que parece. Tan s\u00f3lo debemos seleccionar una o varias cajas del mismo tama\u00f1o. Si les colocamos ruedas, las podremos mover con facilidad. Y si las te\u00f1imos o barnizamos, conseguiremos adaptarla a nuestro estilo.<\/p>\n<p><img loading=\"lazy\" decoding=\"async\" class=\"aligncenter wp-image-9621\" src=\"https:\/\/www.fotocasa.es\/fotocasa-life\/wp-content\/uploads\/2015\/12\/CIY_cajas_maderas_3.jpg\" alt=\"CIY_cajas_maderas_3\" width=\"400\" height=\"479\" title=\"-\" srcset=\"https:\/\/www.fotocasa.es\/fotocasa-life\/wp-content\/uploads\/2015\/12\/CIY_cajas_maderas_3.jpg 334w, https:\/\/www.fotocasa.es\/fotocasa-life\/wp-content\/uploads\/2015\/12\/CIY_cajas_maderas_3-251x300.jpg 251w, https:\/\/www.fotocasa.es\/fotocasa-life\/wp-content\/uploads\/2015\/12\/CIY_cajas_maderas_3-125x150.jpg 125w\" sizes=\"auto, (max-width: 400px) 100vw, 400px\" \/><\/p>\n<p>&nbsp;<\/p>\n<p><strong>Maceteros<\/strong><\/p>\n<p>Tanto para colocar las macetas, como para <strong>usarlas de macetero propiamente dicho<\/strong>, las cajas de madera resultan encantadoras. Puestas <a href=\"https:\/\/www.fotocasa.es\/fotocasa-life\/decoracion\/consejos-para-crear-una-zona-de-exterior-de-estilo-mediterraneo\/\"><strong>en el balc\u00f3n o en el jard\u00edn<\/strong><\/a>, dan un aire r\u00fastico y acogedor al espacio.<\/p>\n<p><\/p>\n<div id=\"attachment_9623\" style=\"width: 410px\" class=\"wp-caption aligncenter\"><img loading=\"lazy\" decoding=\"async\" aria-describedby=\"caption-attachment-9623\" class=\"wp-image-9623\" src=\"https:\/\/www.fotocasa.es\/fotocasa-life\/wp-content\/uploads\/2015\/12\/macetero-21-300x200.jpg\" alt=\"SONY DSC\" width=\"400\" height=\"267\" title=\"-\" srcset=\"https:\/\/www.fotocasa.es\/fotocasa-life\/wp-content\/uploads\/2015\/12\/macetero-21-300x200.jpg 300w, https:\/\/www.fotocasa.es\/fotocasa-life\/wp-content\/uploads\/2015\/12\/macetero-21-150x100.jpg 150w, https:\/\/www.fotocasa.es\/fotocasa-life\/wp-content\/uploads\/2015\/12\/macetero-21.jpg 400w\" sizes=\"auto, (max-width: 400px) 100vw, 400px\" \/><p id=\"caption-attachment-9623\" class=\"wp-caption-text\">Fuente: SONY DSC<\/p><\/div>\n<p>&nbsp;<\/p>\n<p><strong>Camas para mascotas<\/strong><\/p>\n<p>Si tienes mascota en casa y ya es hora de cambiarle la cama aqu\u00ed tienes una <strong>forma econ\u00f3mica y original de renovarla<\/strong>. Utiliza una caja de madera, de las t\u00edpicas de fruta o vino y col\u00f3cale un almohad\u00f3n o coj\u00edn. Podemos personalizarla con pintura no t\u00f3xica o textiles divertidos.<\/p>\n<p><img loading=\"lazy\" decoding=\"async\" class=\"aligncenter wp-image-9622\" src=\"https:\/\/www.fotocasa.es\/fotocasa-life\/wp-content\/uploads\/2015\/12\/232851786fbf62d5fd40987b127a167a-300x225.jpg\" alt=\"DIY_caja de madera\" width=\"400\" height=\"300\" title=\"-\" srcset=\"https:\/\/www.fotocasa.es\/fotocasa-life\/wp-content\/uploads\/2015\/12\/232851786fbf62d5fd40987b127a167a-300x225.jpg 300w, https:\/\/www.fotocasa.es\/fotocasa-life\/wp-content\/uploads\/2015\/12\/232851786fbf62d5fd40987b127a167a-150x113.jpg 150w, https:\/\/www.fotocasa.es\/fotocasa-life\/wp-content\/uploads\/2015\/12\/232851786fbf62d5fd40987b127a167a.jpg 500w\" sizes=\"auto, (max-width: 400px) 100vw, 400px\" \/><\/p>\n<p>&nbsp;<\/p>\n<p><strong>Bibliotecas<\/strong><\/p>\n<p>Con algo de ma\u00f1a y un poco de paciencia, <strong>podemos crear piezas de mobiliario realmente incre\u00edbles<\/strong>. Librer\u00edas, muebles de sal\u00f3n, aparadores&#8230; y <a href=\"https:\/\/www.fotocasa.es\/fotocasa-life\/decoracion\/como-aprovechar-al-maximo-los-pasillos\/\"><strong>hasta bibliotecas<\/strong><\/a>. Tan s\u00f3lo tenemos que conseguir muchas cajas y montarlas de forma tal que nos garanticemos que aguantar\u00e1n el peso y la altura sin moverse. Alg\u00fan flexo o luz cerca que te ayude a localizar f\u00e1cilmente lo que buscas y conseguir\u00e1s darle un toque m\u00e1s \u201cchic\u201d.<\/p>\n<p><img loading=\"lazy\" decoding=\"async\" class=\"aligncenter wp-image-9626\" src=\"https:\/\/www.fotocasa.es\/fotocasa-life\/wp-content\/uploads\/2015\/12\/cajas-madera-300x199.jpg\" alt=\"cajas-madera\" width=\"400\" height=\"266\" title=\"-\" srcset=\"https:\/\/www.fotocasa.es\/fotocasa-life\/wp-content\/uploads\/2015\/12\/cajas-madera-300x199.jpg 300w, https:\/\/www.fotocasa.es\/fotocasa-life\/wp-content\/uploads\/2015\/12\/cajas-madera-150x100.jpg 150w, https:\/\/www.fotocasa.es\/fotocasa-life\/wp-content\/uploads\/2015\/12\/cajas-madera.jpg 540w\" sizes=\"auto, (max-width: 400px) 100vw, 400px\" \/><\/p>\n<p>&nbsp;<\/p>\n<p><strong>Fruteros<\/strong><\/p>\n<p>Las cajas de madera se utilizan, mayoritariamente, para transportar la fruta y la verdura. Colocadas en diferentes alturas podemos c<strong>onseguir un econ\u00f3mico y ecol\u00f3gico verdulero<\/strong>. Podemos probar a pintar, barnizarlas y hasta ponerles unos peque\u00f1os carteles identificativos para que siempre se encuentre <a href=\"https:\/\/www.fotocasa.es\/fotocasa-life\/hogar\/decoracion\/claves-para-lograr-una-cocina-funcional\/\"><strong>todo en perfecto orden<\/strong><\/a>.<\/p>\n<p><img loading=\"lazy\" decoding=\"async\" class=\"aligncenter wp-image-9624\" src=\"https:\/\/www.fotocasa.es\/fotocasa-life\/wp-content\/uploads\/2015\/12\/frutero_-300x260.jpg\" alt=\"DIY_frutero\" width=\"400\" height=\"347\" title=\"-\" srcset=\"https:\/\/www.fotocasa.es\/fotocasa-life\/wp-content\/uploads\/2015\/12\/frutero_-300x260.jpg 300w, https:\/\/www.fotocasa.es\/fotocasa-life\/wp-content\/uploads\/2015\/12\/frutero_-150x130.jpg 150w, https:\/\/www.fotocasa.es\/fotocasa-life\/wp-content\/uploads\/2015\/12\/frutero_.jpg 500w\" sizes=\"auto, (max-width: 400px) 100vw, 400px\" \/><\/p>\n<p>&nbsp;<\/p>\n<p>&nbsp;<\/p>\n<p><strong>Puff de madera<\/strong><\/p>\n<p>Tienes terraza o patio, pero no sillas para todos los amigos\u2026 Consigue un par o tres de cajas altas, barn\u00edzalas o p\u00edntalas para que te duren m\u00e1s si las vas a tener en el exterior y con s\u00f3lo un coj\u00edn encima \u00a1listo!<\/p>\n<p><img loading=\"lazy\" decoding=\"async\" class=\"aligncenter wp-image-9627\" src=\"https:\/\/www.fotocasa.es\/fotocasa-life\/wp-content\/uploads\/2015\/12\/DIY_cajas_maderas_4-300x240.jpg\" alt=\"DIY_cajas_maderas_4\" width=\"400\" height=\"320\" title=\"-\" srcset=\"https:\/\/www.fotocasa.es\/fotocasa-life\/wp-content\/uploads\/2015\/12\/DIY_cajas_maderas_4-300x240.jpg 300w, https:\/\/www.fotocasa.es\/fotocasa-life\/wp-content\/uploads\/2015\/12\/DIY_cajas_maderas_4-150x120.jpg 150w, https:\/\/www.fotocasa.es\/fotocasa-life\/wp-content\/uploads\/2015\/12\/DIY_cajas_maderas_4.jpg 440w\" sizes=\"auto, (max-width: 400px) 100vw, 400px\" \/><\/p>\n","protected":false},"excerpt":{"rendered":"<p>\u00bfOs gustan las manualidades? \u00bfQu\u00e9 tal se os da decorar con objetos reciclados? \u00bfNos atrevemos con cajas de madera\u2026? S\u00ed, s\u00ed, las cl\u00e1sicas cajas de fruta o vino pueden convertirse en muebles de gran utilidad, con un encanto innato. Descubre algunas ideas curiosas para hacer. Estanter\u00edas Las cajas de madera, si las anclamos bien a&#8230;<\/p>\n","protected":false},"author":3,"featured_media":9635,"comment_status":"open","ping_status":"open","sticky":false,"template":"","format":"standard","meta":{"_lmt_disableupdate":"yes","_lmt_disable":"","footnotes":""},"categories":[4],"tags":[2012,1748,161,1750],"class_list":["post-9615","post","type-post","status-publish","format-standard","has-post-thumbnail","hentry","category-decoracion","tag-armarios","tag-diy","tag-interiorismo","tag-reciclar"],"modified_by":"Agustina Battioli","_links":{"self":[{"href":"https:\/\/www.fotocasa.es\/fotocasa-life\/wp-json\/wp\/v2\/posts\/9615","targetHints":{"allow":["GET"]}}],"collection":[{"href":"https:\/\/www.fotocasa.es\/fotocasa-life\/wp-json\/wp\/v2\/posts"}],"about":[{"href":"https:\/\/www.fotocasa.es\/fotocasa-life\/wp-json\/wp\/v2\/types\/post"}],"author":[{"embeddable":true,"href":"https:\/\/www.fotocasa.es\/fotocasa-life\/wp-json\/wp\/v2\/users\/3"}],"replies":[{"embeddable":true,"href":"https:\/\/www.fotocasa.es\/fotocasa-life\/wp-json\/wp\/v2\/comments?post=9615"}],"version-history":[{"count":0,"href":"https:\/\/www.fotocasa.es\/fotocasa-life\/wp-json\/wp\/v2\/posts\/9615\/revisions"}],"wp:featuredmedia":[{"embeddable":true,"href":"https:\/\/www.fotocasa.es\/fotocasa-life\/wp-json\/wp\/v2\/media\/9635"}],"wp:attachment":[{"href":"https:\/\/www.fotocasa.es\/fotocasa-life\/wp-json\/wp\/v2\/media?parent=9615"}],"wp:term":[{"taxonomy":"category","embeddable":true,"href":"https:\/\/www.fotocasa.es\/fotocasa-life\/wp-json\/wp\/v2\/categories?post=9615"},{"taxonomy":"post_tag","embeddable":true,"href":"https:\/\/www.fotocasa.es\/fotocasa-life\/wp-json\/wp\/v2\/tags?post=9615"}],"curies":[{"name":"wp","href":"https:\/\/api.w.org\/{rel}","templated":true}]}}