{"id":96034,"date":"2025-07-10T07:31:53","date_gmt":"2025-07-10T05:31:53","guid":{"rendered":"https:\/\/www.fotocasa.es\/fotocasa-life\/?p=96034"},"modified":"2025-07-10T07:31:53","modified_gmt":"2025-07-10T05:31:53","slug":"cuanto-cuesta-hacer-una-terraza","status":"publish","type":"post","link":"https:\/\/www.fotocasa.es\/fotocasa-life\/hogar\/reformas\/cuanto-cuesta-hacer-una-terraza\/","title":{"rendered":"\u00bfCu\u00e1nto cuesta hacer una terraza?"},"content":{"rendered":"<p><span style=\"font-weight: 400;\">Contar con un espacio exterior en nuestra casa es algo que nos suma calidad de vida, por eso, <\/span><a href=\"https:\/\/www.fotocasa.es\/fotocasa-life\/compraventa\/donde-hay-mas-viviendas-con-terrazas-jardines-y-patios-en-espana\/\" target=\"_blank\" rel=\"noopener\"><span style=\"font-weight: 400;\">vivir en una casa con terraza<\/span><\/a><span style=\"font-weight: 400;\">, por peque\u00f1a que sea, puede marcar la diferencia.\u00a0<\/span><\/p>\n<p><span style=\"font-weight: 400;\">A\u00f1adir una terraza a la vivienda, reformar una ya existente o incluso estudiar <\/span><b>cu\u00e1nto cuesta quitar un tejado y hacer una terraza<\/b><span style=\"font-weight: 400;\"> donde antes no la hab\u00eda, son opciones a evaluar si queremos darle a nuestra vivienda un espacio abierto.<\/span><\/p>\n<p><span style=\"font-weight: 400;\">Desde Fotocasa, desgranamos los aspectos clave que debemos tener en cuenta, desde permisos hasta precios orientativos, para saber de forma realista cu\u00e1nto cuesta hacer una terraza.<\/span><\/p>\n<p><span style=\"font-weight: 400;\"><section class=\"mini-posts\"><div class=\"row align-items-center\"><div class=\"col-4 col-md-3 pt-2 pb-2\"><div class=\"mini-posts__image\"><a href=\"https:\/\/www.fotocasa.es\/fotocasa-life\/hogar\/reformas\/cuanto-cuesta-hacer-una-terraza\/\"><img decoding=\"async\" src=\"https:\/\/www.fotocasa.es\/fotocasa-life\/wp-content\/uploads\/2025\/07\/cuanto-cuesta-hacer-una-terraza-355x230.jpg\" alt=\"- - - -\" title=\"-\"><\/a><\/div><\/div><div class=\"col-8 col-md-9 pt-2 pb-2\"><h3 class=\"mini-posts__title\"><a href=\"https:\/\/www.fotocasa.es\/fotocasa-life\/hogar\/reformas\/cuanto-cuesta-hacer-una-terraza\/\"><\/a><\/h3><\/div><\/div><\/section><\/span><\/p>\n","protected":false},"excerpt":{"rendered":"<p>Reformar o a\u00f1adir una terraza a nuestra vivienda puede suponer una mejora de calidad de vida, pero tambi\u00e9n un gasto que conviene planificar con precisi\u00f3n<\/p>\n","protected":false},"author":3,"featured_media":96035,"comment_status":"open","ping_status":"closed","sticky":false,"template":"","format":"standard","meta":{"_lmt_disableupdate":"yes","_lmt_disable":"","footnotes":""},"categories":[7],"tags":[2845,12749,12750],"class_list":["post-96034","post","type-post","status-publish","format-standard","has-post-thumbnail","hentry","category-reformas","tag-casas-con-terraza","tag-construir-terraza","tag-reformar-terraza"],"modified_by":null,"_links":{"self":[{"href":"https:\/\/www.fotocasa.es\/fotocasa-life\/wp-json\/wp\/v2\/posts\/96034","targetHints":{"allow":["GET"]}}],"collection":[{"href":"https:\/\/www.fotocasa.es\/fotocasa-life\/wp-json\/wp\/v2\/posts"}],"about":[{"href":"https:\/\/www.fotocasa.es\/fotocasa-life\/wp-json\/wp\/v2\/types\/post"}],"author":[{"embeddable":true,"href":"https:\/\/www.fotocasa.es\/fotocasa-life\/wp-json\/wp\/v2\/users\/3"}],"replies":[{"embeddable":true,"href":"https:\/\/www.fotocasa.es\/fotocasa-life\/wp-json\/wp\/v2\/comments?post=96034"}],"version-history":[{"count":0,"href":"https:\/\/www.fotocasa.es\/fotocasa-life\/wp-json\/wp\/v2\/posts\/96034\/revisions"}],"wp:featuredmedia":[{"embeddable":true,"href":"https:\/\/www.fotocasa.es\/fotocasa-life\/wp-json\/wp\/v2\/media\/96035"}],"wp:attachment":[{"href":"https:\/\/www.fotocasa.es\/fotocasa-life\/wp-json\/wp\/v2\/media?parent=96034"}],"wp:term":[{"taxonomy":"category","embeddable":true,"href":"https:\/\/www.fotocasa.es\/fotocasa-life\/wp-json\/wp\/v2\/categories?post=96034"},{"taxonomy":"post_tag","embeddable":true,"href":"https:\/\/www.fotocasa.es\/fotocasa-life\/wp-json\/wp\/v2\/tags?post=96034"}],"curies":[{"name":"wp","href":"https:\/\/api.w.org\/{rel}","templated":true}]}}