{"id":9587,"date":"2015-12-11T12:22:04","date_gmt":"2015-12-11T11:22:04","guid":{"rendered":"https:\/\/www.fotocasa.es\/fotocasa-life\/?p=9587"},"modified":"2020-11-27T11:28:32","modified_gmt":"2020-11-27T10:28:32","slug":"los-desahucios-de-inmuebles-caen-en-el-tercer-trimestre","status":"publish","type":"post","link":"https:\/\/www.fotocasa.es\/fotocasa-life\/hipotecas-finanzas\/los-desahucios-de-inmuebles-caen-en-el-tercer-trimestre\/","title":{"rendered":"Los desahucios de inmuebles caen en el tercer trimestre"},"content":{"rendered":"<p>Los desahucios de inmuebles, no s\u00f3lo viviendas, <strong>descendieron un 1,5% interanual en el tercer trimestre<\/strong>, hasta los 13.135 lanzamientos, con lo que encadenan <a href=\"https:\/\/www.fotocasa.es\/fotocasa-life\/hipotecas-finanzas\/el-ritmo-de-desahucios-y-ejecuciones-se-mantuvo-estable-en-el-segundo-trimestre\/\"><strong>medio a\u00f1o a la baja<\/strong><\/a> por primera vez desde 2013, a\u00f1o en el que se comenzaron a contabilizar, seg\u00fan datos del Consejo General del Poder Judicial (CGPJ).<\/p>\n<p>El <strong>53,6% de estos desahucios<\/strong> deriv\u00f3 de procedimientos regulados en la <strong><a href=\"https:\/\/www.fotocasa.es\/fotocasa-life\/alquiler\/todas-las-claves-sobre-la-ley-del-alquiler\/\">Ley de Arrendamientos Urbanos (LAU)<\/a><\/strong>, principalmente <strong>por impagos de alquiler<\/strong>, con un incremento del 2,8%, mientras que el 43,2% fue consecuencia de ejecuciones hipotecarias (-2,2%) y el 3,2% restante obedeci\u00f3 a otras causas.<\/p>\n<p><strong>Por regiones<\/strong><\/p>\n<p>El <strong>22% de los desahucios se produjo en Catalu\u00f1a<\/strong>; por delante de Andaluc\u00eda , con 2.157, y la Comunidad Valenciana (16,1%), con 2.117.<\/p>\n<p>Si nos fijamos en el origen de los lanzamientos, <strong>Catalu\u00f1a<\/strong> tambi\u00e9n ocupa el <strong>primer lugar en cuanto a los derivados de la LAU<\/strong>, con el 26,4% del total, seguida de Madrid (14%) y Andaluc\u00eda (12,6%).<\/p>\n<p>Los que son consecuencia de <a href=\"https:\/\/www.fotocasa.es\/fotocasa-life\/hipotecas-finanzas\/como-actuar-ante-una-ejecucion-hipotecaria\/\"><strong>ejecuciones hipotecarias<\/strong><\/a>, el 21,6% se produjo en la Comunidad Valenciana; el 20,8%, en Catalu\u00f1a; y el 16,8%, en Andaluc\u00eda.<\/p>\n<p><strong>Bajan las ejecuciones hipotecarias<br \/>\n<\/strong><br \/>\nLas <strong>ejecuciones hipotecarias<\/strong> iniciadas entre el <strong>1 de julio y el 30 de septiembre<\/strong> pasados fueron 14.735, un <a href=\"https:\/\/www.fotocasa.es\/fotocasa-life\/hipotecas-finanzas\/las-ejecuciones-hipotecarias-sobre-viviendas-caen-un-124\/\"><strong>12,1% menos que en el mismo periodo del a\u00f1o anterior<\/strong><\/a>. Se trata del quinto trimestre consecutivo en el que las ejecuciones hipotecarias experimentan una disminuci\u00f3n interanual.<\/p>\n<p>Por comunidades aut\u00f3nomas, casi una de cada cuatro ejecuciones hipotecarias -3.478, el 23,6% del total- se iniciaron en Andaluc\u00eda. Le siguieron Catalu\u00f1a, con 2.760, la Comunidad Valenciana, con 2.399 y Madrid, con 1.477.<\/p>\n","protected":false},"excerpt":{"rendered":"<p>Los desahucios de inmuebles, no s\u00f3lo viviendas, descendieron un 1,5% interanual en el tercer trimestre, hasta los 13.135 lanzamientos, con lo que encadenan medio a\u00f1o a la baja por primera vez desde 2013, a\u00f1o en el que se comenzaron a contabilizar, seg\u00fan datos del Consejo General del Poder Judicial (CGPJ). El 53,6% de estos desahucios&#8230;<\/p>\n","protected":false},"author":3,"featured_media":9591,"comment_status":"open","ping_status":"open","sticky":false,"template":"","format":"standard","meta":{"_lmt_disableupdate":"yes","_lmt_disable":"","footnotes":""},"categories":[6],"tags":[1915,358,359,1153],"class_list":["post-9587","post","type-post","status-publish","format-standard","has-post-thumbnail","hentry","category-hipotecas-finanzas","tag-consejo-general-del-poder-judicial","tag-desahucios","tag-ejecucion-hipotecaria","tag-lau"],"modified_by":"Albert PC","_links":{"self":[{"href":"https:\/\/www.fotocasa.es\/fotocasa-life\/wp-json\/wp\/v2\/posts\/9587","targetHints":{"allow":["GET"]}}],"collection":[{"href":"https:\/\/www.fotocasa.es\/fotocasa-life\/wp-json\/wp\/v2\/posts"}],"about":[{"href":"https:\/\/www.fotocasa.es\/fotocasa-life\/wp-json\/wp\/v2\/types\/post"}],"author":[{"embeddable":true,"href":"https:\/\/www.fotocasa.es\/fotocasa-life\/wp-json\/wp\/v2\/users\/3"}],"replies":[{"embeddable":true,"href":"https:\/\/www.fotocasa.es\/fotocasa-life\/wp-json\/wp\/v2\/comments?post=9587"}],"version-history":[{"count":0,"href":"https:\/\/www.fotocasa.es\/fotocasa-life\/wp-json\/wp\/v2\/posts\/9587\/revisions"}],"wp:featuredmedia":[{"embeddable":true,"href":"https:\/\/www.fotocasa.es\/fotocasa-life\/wp-json\/wp\/v2\/media\/9591"}],"wp:attachment":[{"href":"https:\/\/www.fotocasa.es\/fotocasa-life\/wp-json\/wp\/v2\/media?parent=9587"}],"wp:term":[{"taxonomy":"category","embeddable":true,"href":"https:\/\/www.fotocasa.es\/fotocasa-life\/wp-json\/wp\/v2\/categories?post=9587"},{"taxonomy":"post_tag","embeddable":true,"href":"https:\/\/www.fotocasa.es\/fotocasa-life\/wp-json\/wp\/v2\/tags?post=9587"}],"curies":[{"name":"wp","href":"https:\/\/api.w.org\/{rel}","templated":true}]}}