{"id":95737,"date":"2025-06-19T07:06:52","date_gmt":"2025-06-19T05:06:52","guid":{"rendered":"https:\/\/www.fotocasa.es\/fotocasa-life\/?p=95737"},"modified":"2025-06-19T07:06:52","modified_gmt":"2025-06-19T05:06:52","slug":"pas-arquitectura-aislar-casa-ruido","status":"publish","type":"post","link":"https:\/\/www.fotocasa.es\/fotocasa-life\/hogar\/reformas\/pas-arquitectura-aislar-casa-ruido\/","title":{"rendered":"Arquitectura PAS: c\u00f3mo aislar tu casa del ruido si viven personas altamente sensibles"},"content":{"rendered":"<p><span style=\"font-weight: 400;\">Quienes convivimos con Personas Altamente Sensibles (PAS) sabemos que el entorno importa. Mucho. Los ruidos que para otras personas pasan desapercibidos pueden alterar profundamente el bienestar de alguien con una sensibilidad m\u00e1s aguda.<\/span><\/p>\n<p><span style=\"font-weight: 400;\">Por eso, aislar la vivienda del ruido no es un simple capricho ac\u00fastico: <\/span><b>es una necesidad emocional y energ\u00e9tica.<\/b> <a href=\"https:\/\/www.fotocasa.es\/fotocasa-life\/hogar\/el-ruido-uno-de-los-principales-problemas-a-la-hora-de-disfrutar-del-hogar\/\" target=\"_blank\" rel=\"noopener\"><span style=\"font-weight: 400;\">El ruido impide disfrutar del hogar<\/span><\/a><span style=\"font-weight: 400;\"> a muchas personas y mejorar nuestro hogar, es mejorar la calidad de vida de quienes convivimos<\/span><b>.<\/b><\/p>\n<p><span style=\"font-weight: 400;\">A continuaci\u00f3n compartimos una gu\u00eda pr\u00e1ctica con enfoque en PAS para arquitectura y hogar, pensada<\/span><b> para adaptar nuestra vivienda a quienes perciben el mundo con m\u00e1s intensidad<\/b><span style=\"font-weight: 400;\">.\u00a0<\/span><\/p>\n<p><span style=\"font-weight: 400;\"><section class=\"mini-posts\"><div class=\"row align-items-center\"><div class=\"col-4 col-md-3 pt-2 pb-2\"><div class=\"mini-posts__image\"><a href=\"https:\/\/www.fotocasa.es\/fotocasa-life\/hogar\/reformas\/pas-arquitectura-aislar-casa-ruido\/\"><img decoding=\"async\" src=\"https:\/\/www.fotocasa.es\/fotocasa-life\/wp-content\/uploads\/2025\/06\/arquitectura-pas-aislar-casa-ruido-355x230.jpg\" alt=\"- - - -\" title=\"-\"><\/a><\/div><\/div><div class=\"col-8 col-md-9 pt-2 pb-2\"><h3 class=\"mini-posts__title\"><a href=\"https:\/\/www.fotocasa.es\/fotocasa-life\/hogar\/reformas\/pas-arquitectura-aislar-casa-ruido\/\"><\/a><\/h3><\/div><\/div><\/section><\/span><\/p>\n","protected":false},"excerpt":{"rendered":"<p>Ideas pr\u00e1cticas de arquitectura y bienestar para un hogar m\u00e1s sereno y equilibrado<\/p>\n","protected":false},"author":3,"featured_media":95738,"comment_status":"open","ping_status":"closed","sticky":false,"template":"","format":"standard","meta":{"_lmt_disableupdate":"yes","_lmt_disable":"","footnotes":""},"categories":[7],"tags":[7304,7327,2412,12646],"class_list":["post-95737","post","type-post","status-publish","format-standard","has-post-thumbnail","hentry","category-reformas","tag-adaptar-una-vivienda","tag-aislar-ruido-vivienda","tag-hogar","tag-personas-altamente-sensibles"],"modified_by":null,"_links":{"self":[{"href":"https:\/\/www.fotocasa.es\/fotocasa-life\/wp-json\/wp\/v2\/posts\/95737","targetHints":{"allow":["GET"]}}],"collection":[{"href":"https:\/\/www.fotocasa.es\/fotocasa-life\/wp-json\/wp\/v2\/posts"}],"about":[{"href":"https:\/\/www.fotocasa.es\/fotocasa-life\/wp-json\/wp\/v2\/types\/post"}],"author":[{"embeddable":true,"href":"https:\/\/www.fotocasa.es\/fotocasa-life\/wp-json\/wp\/v2\/users\/3"}],"replies":[{"embeddable":true,"href":"https:\/\/www.fotocasa.es\/fotocasa-life\/wp-json\/wp\/v2\/comments?post=95737"}],"version-history":[{"count":0,"href":"https:\/\/www.fotocasa.es\/fotocasa-life\/wp-json\/wp\/v2\/posts\/95737\/revisions"}],"wp:featuredmedia":[{"embeddable":true,"href":"https:\/\/www.fotocasa.es\/fotocasa-life\/wp-json\/wp\/v2\/media\/95738"}],"wp:attachment":[{"href":"https:\/\/www.fotocasa.es\/fotocasa-life\/wp-json\/wp\/v2\/media?parent=95737"}],"wp:term":[{"taxonomy":"category","embeddable":true,"href":"https:\/\/www.fotocasa.es\/fotocasa-life\/wp-json\/wp\/v2\/categories?post=95737"},{"taxonomy":"post_tag","embeddable":true,"href":"https:\/\/www.fotocasa.es\/fotocasa-life\/wp-json\/wp\/v2\/tags?post=95737"}],"curies":[{"name":"wp","href":"https:\/\/api.w.org\/{rel}","templated":true}]}}