{"id":95529,"date":"2025-06-06T08:25:02","date_gmt":"2025-06-06T06:25:02","guid":{"rendered":"https:\/\/www.fotocasa.es\/fotocasa-life\/?p=95529"},"modified":"2025-06-06T08:25:02","modified_gmt":"2025-06-06T06:25:02","slug":"como-preparar-aire-acondicionado-verano","status":"publish","type":"post","link":"https:\/\/www.fotocasa.es\/fotocasa-life\/hogar\/como-preparar-aire-acondicionado-verano\/","title":{"rendered":"C\u00f3mo preparar el aire acondicionado para el verano sin errores"},"content":{"rendered":"<table class=\"table table-striped table-color-200\">\n<tbody>\n<tr>\n<td>\n<ul>\n<li>Limpiar los filtros del aire acondicionado puede <strong>reducir el consumo energ\u00e9tico entre un 5% y un 15%<\/strong>, seg\u00fan datos de Ariston para 2026.<\/li>\n<li>La revisi\u00f3n anual <strong>previene aver\u00edas costosas<\/strong> y garantiza una<strong> calidad del aire \u00f3ptima<\/strong> en el hogar.<\/li>\n<li>El <strong>uso de termostatos inteligentes<\/strong> se consolida en 2026 como la mejor v\u00eda para ahorrar en la factura de la luz este verano.<\/li>\n<\/ul>\n<\/td>\n<\/tr>\n<\/tbody>\n<\/table>\n<p>Con la llegada de las primeras <strong>olas de calor de 2026,<\/strong> es com\u00fan que nos acordemos del aire acondicionado justo cuando m\u00e1s lo necesitamos. Sin embargo, encenderlo tras meses de inactividad sin una revisi\u00f3n previa puede provocar aver\u00edas, malos olores y un gasto el\u00e9ctrico excesivo.<\/p>\n<p>Desde Fotocasa explicamos <strong>c\u00f3mo realizar un mantenimiento preventivo sencillo y eficaz<\/strong> para asegurar que tu casa se mantenga fresca <strong>sin sorpresas en la factura.<\/strong><\/p>\n<p>\u00bfSabes cu\u00e1les son los puntos cr\u00edticos que debes revisar hoy mismo para evitar que tu equipo falle en julio?<\/p>\n<h2 data-path-to-node=\"17\">\u00bfCu\u00e1les son los pasos clave para preparar el aire acondicionado antes del verano?<\/h2>\n<p data-path-to-node=\"19\">Para preparar el aire acondicionado se deben seguir seis pasos esenciales: <strong>limpieza de filtros, desinfecci\u00f3n del split, comprobaci\u00f3n de funciones, revisi\u00f3n del mando, limpieza de la unidad exterior y verificaci\u00f3n del desag\u00fce.<\/strong><\/p>\n<p data-path-to-node=\"20\">\n","protected":false},"excerpt":{"rendered":"<p>Poner a punto tu sistema de climatizaci\u00f3n antes de que suban las temperaturas no solo mejora el confort, sino que puede alargar la vida \u00fatil del equipo hasta un 20%.<\/p>\n","protected":false},"author":282,"featured_media":102410,"comment_status":"open","ping_status":"closed","sticky":false,"template":"","format":"standard","meta":{"_lmt_disableupdate":"yes","_lmt_disable":"","footnotes":""},"categories":[2285],"tags":[1825,8427,2412],"class_list":["post-95529","post","type-post","status-publish","format-standard","has-post-thumbnail","hentry","category-hogar","tag-aire-acondicionado","tag-combatir-calor-verano","tag-hogar"],"modified_by":"Patricia Andr\u00e9s","_links":{"self":[{"href":"https:\/\/www.fotocasa.es\/fotocasa-life\/wp-json\/wp\/v2\/posts\/95529","targetHints":{"allow":["GET"]}}],"collection":[{"href":"https:\/\/www.fotocasa.es\/fotocasa-life\/wp-json\/wp\/v2\/posts"}],"about":[{"href":"https:\/\/www.fotocasa.es\/fotocasa-life\/wp-json\/wp\/v2\/types\/post"}],"author":[{"embeddable":true,"href":"https:\/\/www.fotocasa.es\/fotocasa-life\/wp-json\/wp\/v2\/users\/282"}],"replies":[{"embeddable":true,"href":"https:\/\/www.fotocasa.es\/fotocasa-life\/wp-json\/wp\/v2\/comments?post=95529"}],"version-history":[{"count":0,"href":"https:\/\/www.fotocasa.es\/fotocasa-life\/wp-json\/wp\/v2\/posts\/95529\/revisions"}],"wp:featuredmedia":[{"embeddable":true,"href":"https:\/\/www.fotocasa.es\/fotocasa-life\/wp-json\/wp\/v2\/media\/102410"}],"wp:attachment":[{"href":"https:\/\/www.fotocasa.es\/fotocasa-life\/wp-json\/wp\/v2\/media?parent=95529"}],"wp:term":[{"taxonomy":"category","embeddable":true,"href":"https:\/\/www.fotocasa.es\/fotocasa-life\/wp-json\/wp\/v2\/categories?post=95529"},{"taxonomy":"post_tag","embeddable":true,"href":"https:\/\/www.fotocasa.es\/fotocasa-life\/wp-json\/wp\/v2\/tags?post=95529"}],"curies":[{"name":"wp","href":"https:\/\/api.w.org\/{rel}","templated":true}]}}