{"id":9419,"date":"2015-12-04T17:45:38","date_gmt":"2015-12-04T16:45:38","guid":{"rendered":"https:\/\/www.fotocasa.es\/fotocasa-life\/?p=9419"},"modified":"2020-11-27T11:28:35","modified_gmt":"2020-11-27T10:28:35","slug":"el-precio-de-la-vivienda-se-mantiene-estable-en-noviembre-segun-tinsa","status":"publish","type":"post","link":"https:\/\/www.fotocasa.es\/fotocasa-life\/compraventa\/el-precio-de-la-vivienda-se-mantiene-estable-en-noviembre-segun-tinsa\/","title":{"rendered":"El precio de la vivienda se mantiene estable en noviembre, seg\u00fan Tinsa"},"content":{"rendered":"<p>El <strong>precio medio de la vivienda<\/strong> se ha mantenido e incluso <a href=\"https:\/\/www.fotocasa.es\/fotocasa-life\/compraventa\/el-precio-de-la-vivienda-de-segunda-mano-en-espana-cayo-un-04-en-octubre\/\"><strong>ha descendido ligeramente en noviembre respecto al mes anterior<\/strong><\/a>, en l\u00ednea con la senda de estabilizaci\u00f3n que est\u00e1 experimentando, seg\u00fan el \u00edndice Tinsa IMIE General y Grandes Mercados.<\/p>\n<p>No obstante, la ca\u00edda at\u00edpica que sufri\u00f3 el precio de la vivienda en noviembre de 2014 ha hecho que en la comparaci\u00f3n interanual, el precio de la vivienda haya crecido un 1,9% el pasado mes.<\/p>\n<p>Por \u00e1reas, las <strong>capitales y grandes ciudades<\/strong> experimentaron en noviembre la evoluci\u00f3n interanual m\u00e1s positiva, con un <strong>incremento del 3<\/strong>%, seguida de las \u00e1reas metropolitanas y la costa mediterr\u00e1nea, ambas con un avance del 1,4%.<\/p>\n<p>Las<strong> localidades m\u00e1s peque\u00f1as<\/strong>, agrupadas en el grupo del resto de municipios, vieron como los <strong>precios sub\u00edan un 1,3% en comparaci\u00f3n con un a\u00f1o antes<\/strong>, mientras que en Baleares y Canarias se mantuvieron con un ligero incremento de dos d\u00e9cimas (0,2%).<\/p>\n<p>En lo que se refiere a la variaci\u00f3n acumulada desde el pasado mes de enero, los precios mantienen un descenso de dos d\u00e9cimas en la media nacional.<\/p>\n<p>No obstante, <strong>han crecido un<\/strong> <strong>2,5% en la costa mediterr\u00e1nea<\/strong>, por delante de las islas (1,4%) y las capitales y grandes ciudades (0,6%). En las \u00e1reas metropolitanas y el resto de municipios, la evoluci\u00f3n acumulada en 2015 muestra descensos del 1,6% y del 2,2%, respectivamente, entre enero y noviembre.<\/p>\n<p><strong>Ajuste del 41,3% desde m\u00e1ximos<\/strong><br \/>\nPor otro lado, el informe indica que el <strong><a href=\"https:\/\/www.fotocasa.es\/fotocasa-life\/compraventa\/precio-de-la-vivienda-cae-mas-44-desde-2007\/\">precio medio de la vivienda en Espa\u00f1a<\/a> se ha ajustado a la baja<\/strong> <strong>un 41,3%<\/strong> respecto al momento m\u00e1s alto del ciclo.<\/p>\n<p>La <strong><a href=\"https:\/\/www.fotocasa.es\/comprar\/casas\/girona-provincia\/listado?ts=cadaques&amp;llm=724,9,17,0,0,0,0,0,0&amp;opi=36&amp;pgg=true&amp;cu=es-es&amp;craap=1&amp;fs=true&amp;lon=0&amp;lat=0\" target=\"_blank\" rel=\"noopener noreferrer\">costa mediterr\u00e1nea<\/a><\/strong> es la zona <strong>donde los valores han descendido con m\u00e1s intensidad<\/strong> (48,2%), seguido por las capitales y grandes ciudades (44,9%), y las \u00e1reas metropolitanas (43,9%).<\/p>\n<p>La buena evoluci\u00f3n de los precios durante este a\u00f1o deja ajustes acumulados en <a href=\"https:\/\/www.fotocasa.es\/comprar\/casas\/illes-balears-provincia\/listado?t=mallorca&amp;llm=724,4,7,0,0,0,0,0,0&amp;opi=36&amp;pgg=true&amp;cu=es-es&amp;craap=1&amp;fs=false\" target=\"_blank\" rel=\"noopener noreferrer\"><strong>Baleares<\/strong><\/a> y <a href=\"https:\/\/www.fotocasa.es\/comprar\/casas\/las-palmas-provincia\/listado?ts=las%20palmas%20de%20gran%20canaria&amp;llm=724,5,35,0,0,0,0,0,0&amp;opi=36&amp;pgg=true&amp;cu=es-es&amp;craap=1&amp;fs=true&amp;lon=0&amp;lat=0\" target=\"_blank\" rel=\"noopener noreferrer\"><strong>Canarias<\/strong><\/a> del 30,1% y en el resto de los municipios, del 36,7%.<\/p>\n","protected":false},"excerpt":{"rendered":"<p>El precio medio de la vivienda se ha mantenido e incluso ha descendido ligeramente en noviembre respecto al mes anterior, en l\u00ednea con la senda de estabilizaci\u00f3n que est\u00e1 experimentando, seg\u00fan el \u00edndice Tinsa IMIE General y Grandes Mercados. No obstante, la ca\u00edda at\u00edpica que sufri\u00f3 el precio de la vivienda en noviembre de 2014&#8230;<\/p>\n","protected":false},"author":3,"featured_media":9422,"comment_status":"open","ping_status":"open","sticky":false,"template":"","format":"standard","meta":{"_lmt_disableupdate":"yes","_lmt_disable":"","footnotes":""},"categories":[3],"tags":[],"class_list":["post-9419","post","type-post","status-publish","format-standard","has-post-thumbnail","hentry","category-compraventa"],"modified_by":"Albert PC","_links":{"self":[{"href":"https:\/\/www.fotocasa.es\/fotocasa-life\/wp-json\/wp\/v2\/posts\/9419","targetHints":{"allow":["GET"]}}],"collection":[{"href":"https:\/\/www.fotocasa.es\/fotocasa-life\/wp-json\/wp\/v2\/posts"}],"about":[{"href":"https:\/\/www.fotocasa.es\/fotocasa-life\/wp-json\/wp\/v2\/types\/post"}],"author":[{"embeddable":true,"href":"https:\/\/www.fotocasa.es\/fotocasa-life\/wp-json\/wp\/v2\/users\/3"}],"replies":[{"embeddable":true,"href":"https:\/\/www.fotocasa.es\/fotocasa-life\/wp-json\/wp\/v2\/comments?post=9419"}],"version-history":[{"count":0,"href":"https:\/\/www.fotocasa.es\/fotocasa-life\/wp-json\/wp\/v2\/posts\/9419\/revisions"}],"wp:featuredmedia":[{"embeddable":true,"href":"https:\/\/www.fotocasa.es\/fotocasa-life\/wp-json\/wp\/v2\/media\/9422"}],"wp:attachment":[{"href":"https:\/\/www.fotocasa.es\/fotocasa-life\/wp-json\/wp\/v2\/media?parent=9419"}],"wp:term":[{"taxonomy":"category","embeddable":true,"href":"https:\/\/www.fotocasa.es\/fotocasa-life\/wp-json\/wp\/v2\/categories?post=9419"},{"taxonomy":"post_tag","embeddable":true,"href":"https:\/\/www.fotocasa.es\/fotocasa-life\/wp-json\/wp\/v2\/tags?post=9419"}],"curies":[{"name":"wp","href":"https:\/\/api.w.org\/{rel}","templated":true}]}}