{"id":93760,"date":"2025-03-10T08:30:13","date_gmt":"2025-03-10T07:30:13","guid":{"rendered":"https:\/\/www.fotocasa.es\/fotocasa-life\/?p=93760"},"modified":"2025-03-10T08:30:13","modified_gmt":"2025-03-10T07:30:13","slug":"impuestos-pagar-al-vender-vivienda-declarada-bien-de-interes","status":"publish","type":"post","link":"https:\/\/www.fotocasa.es\/fotocasa-life\/vender-piso\/impuestos-pagar-al-vender-vivienda-declarada-bien-de-interes\/","title":{"rendered":"Qu\u00e9 impuestos hay que pagar al vender una vivienda declarada bien de inter\u00e9s"},"content":{"rendered":"<p><a href=\"https:\/\/www.fotocasa.es\/fotocasa-life\/compraventa\/8-consejos-para-vender-tu-casa-sin-estres\/\"><span data-contrast=\"none\">Vender una casa con \u00e9xito<\/span><\/a><span data-contrast=\"none\"> siempre implica una serie de obligaciones fiscales, pero cuando el inmueble est\u00e1 declarado <\/span><b><span data-contrast=\"none\">Bien de Inter\u00e9s Cultural (BIC)<\/span><\/b><span data-contrast=\"none\">, el proceso puede ser a\u00fan m\u00e1s complejo.<\/span><\/p>\n<p>Muchos propietarios desconocen los impuestos y requisitos especiales que afectan a este tipo de bienes. Por eso hoy queremos resolver todas las dudas sobrela venta de bienes de inter\u00e9s cultural y c\u00f3mo afrontar sus implicaciones fiscales<\/p>\n<p><span data-contrast=\"none\"><section class=\"mini-posts\"><div class=\"row align-items-center\"><div class=\"col-4 col-md-3 pt-2 pb-2\"><div class=\"mini-posts__image\"><a href=\"https:\/\/www.fotocasa.es\/fotocasa-life\/calculadora\/calculadora-gastos-comprar-casa\/\"><img decoding=\"async\" src=\"https:\/\/www.fotocasa.es\/fotocasa-life\/wp-content\/uploads\/2026\/01\/Calculadora-gastos-comprar-casa-355x230.jpg\" alt=\"Calcular gastos al comprar una casa 2026\" title=\"-\"><\/a><\/div><\/div><div class=\"col-8 col-md-9 pt-2 pb-2\"><h3 class=\"mini-posts__title\"><a href=\"https:\/\/www.fotocasa.es\/fotocasa-life\/calculadora\/calculadora-gastos-comprar-casa\/\">Calcular gastos al comprar una casa 2026<\/a><\/h3><\/div><\/div><\/section><\/span><span data-ccp-props=\"{&quot;335559738&quot;:240,&quot;335559739&quot;:240}\">\u00a0<\/span><\/p>\n","protected":false},"excerpt":{"rendered":"<p>Al vender una vivienda BIC pueden surgir tr\u00e1mites e impuestos que no contempl\u00e1bamos. Descubre c\u00f3mo puedes afrontar la situaci\u00f3n sin sorpresas fiscales. <\/p>\n","protected":false},"author":3,"featured_media":93763,"comment_status":"open","ping_status":"closed","sticky":false,"template":"","format":"standard","meta":{"_lmt_disableupdate":"yes","_lmt_disable":"","footnotes":""},"categories":[4277],"tags":[12319,12322,12321,2359,12320],"class_list":["post-93760","post","type-post","status-publish","format-standard","has-post-thumbnail","hentry","category-vender-piso","tag-impuestos-venta-vivienda-bic","tag-plusvalia-y-irpf-en-bienes-bic","tag-tributacion-vivienda-protegida","tag-vender","tag-vender-bien-de-interes-cultural"],"modified_by":null,"_links":{"self":[{"href":"https:\/\/www.fotocasa.es\/fotocasa-life\/wp-json\/wp\/v2\/posts\/93760","targetHints":{"allow":["GET"]}}],"collection":[{"href":"https:\/\/www.fotocasa.es\/fotocasa-life\/wp-json\/wp\/v2\/posts"}],"about":[{"href":"https:\/\/www.fotocasa.es\/fotocasa-life\/wp-json\/wp\/v2\/types\/post"}],"author":[{"embeddable":true,"href":"https:\/\/www.fotocasa.es\/fotocasa-life\/wp-json\/wp\/v2\/users\/3"}],"replies":[{"embeddable":true,"href":"https:\/\/www.fotocasa.es\/fotocasa-life\/wp-json\/wp\/v2\/comments?post=93760"}],"version-history":[{"count":0,"href":"https:\/\/www.fotocasa.es\/fotocasa-life\/wp-json\/wp\/v2\/posts\/93760\/revisions"}],"wp:featuredmedia":[{"embeddable":true,"href":"https:\/\/www.fotocasa.es\/fotocasa-life\/wp-json\/wp\/v2\/media\/93763"}],"wp:attachment":[{"href":"https:\/\/www.fotocasa.es\/fotocasa-life\/wp-json\/wp\/v2\/media?parent=93760"}],"wp:term":[{"taxonomy":"category","embeddable":true,"href":"https:\/\/www.fotocasa.es\/fotocasa-life\/wp-json\/wp\/v2\/categories?post=93760"},{"taxonomy":"post_tag","embeddable":true,"href":"https:\/\/www.fotocasa.es\/fotocasa-life\/wp-json\/wp\/v2\/tags?post=93760"}],"curies":[{"name":"wp","href":"https:\/\/api.w.org\/{rel}","templated":true}]}}