{"id":92762,"date":"2024-12-05T07:37:32","date_gmt":"2024-12-05T06:37:32","guid":{"rendered":"https:\/\/www.fotocasa.es\/fotocasa-life\/?p=92762"},"modified":"2024-12-05T07:37:32","modified_gmt":"2024-12-05T06:37:32","slug":"trucos-para-decorar-el-arbol-de-navidad-en-el-puente-de-diciembre","status":"publish","type":"post","link":"https:\/\/www.fotocasa.es\/fotocasa-life\/hogar\/decoracion\/trucos-para-decorar-el-arbol-de-navidad-en-el-puente-de-diciembre\/","title":{"rendered":"Trucos para decorar el \u00e1rbol de Navidad en el puente de diciembre"},"content":{"rendered":"<p>Es tradici\u00f3n en muchas familias espa\u00f1olas <strong>colocar el \u00e1rbol de Navidad durante el puente de diciembre<\/strong>. Si es tu plan para estos d\u00edas de descanso, desde Fotocasa, compartimos cinco consejos que te vendr\u00e1n genial para organizar el montaje de tu <a href=\"https:\/\/www.fotocasa.es\/fotocasa-life\/hogar\/decoracion\/como-decorar-el-arbol-de-navidad\/\"><strong>\u00e1rbol de Navidad<\/strong><\/a>: cu\u00e1ndo colocar las luces, c\u00f3mo poner las decoraciones para conseguir el mejor resultado o qu\u00e9 pasos van antes o despu\u00e9s. <strong>Evita los errores de cada a\u00f1o con estos trucos<\/strong> y consigue una decoraci\u00f3n perfecta para tu \u00e1rbol de Navidad. \u00a1Empezamos!<\/p>\n","protected":false},"excerpt":{"rendered":"<p>Qu\u00e9 van primero, \u00bflas luces o las decoraciones? o d\u00f3nde poner los adornos m\u00e1s peque\u00f1os, \u00bfarriba o abajo del \u00e1rbol? \u00a1Desc\u00fabrelo!<\/p>\n","protected":false},"author":3,"featured_media":92764,"comment_status":"open","ping_status":"closed","sticky":false,"template":"","format":"standard","meta":{"_lmt_disableupdate":"yes","_lmt_disable":"","footnotes":""},"categories":[4],"tags":[1158,2311,4907,2412,12103],"class_list":["post-92762","post","type-post","status-publish","format-standard","has-post-thumbnail","hentry","category-decoracion","tag-arbol-de-navidad","tag-decoracion","tag-decorar-el-arbol-de-navidad","tag-hogar","tag-navidad-decoracion"],"modified_by":"Agustina Battioli","_links":{"self":[{"href":"https:\/\/www.fotocasa.es\/fotocasa-life\/wp-json\/wp\/v2\/posts\/92762","targetHints":{"allow":["GET"]}}],"collection":[{"href":"https:\/\/www.fotocasa.es\/fotocasa-life\/wp-json\/wp\/v2\/posts"}],"about":[{"href":"https:\/\/www.fotocasa.es\/fotocasa-life\/wp-json\/wp\/v2\/types\/post"}],"author":[{"embeddable":true,"href":"https:\/\/www.fotocasa.es\/fotocasa-life\/wp-json\/wp\/v2\/users\/3"}],"replies":[{"embeddable":true,"href":"https:\/\/www.fotocasa.es\/fotocasa-life\/wp-json\/wp\/v2\/comments?post=92762"}],"version-history":[{"count":0,"href":"https:\/\/www.fotocasa.es\/fotocasa-life\/wp-json\/wp\/v2\/posts\/92762\/revisions"}],"wp:featuredmedia":[{"embeddable":true,"href":"https:\/\/www.fotocasa.es\/fotocasa-life\/wp-json\/wp\/v2\/media\/92764"}],"wp:attachment":[{"href":"https:\/\/www.fotocasa.es\/fotocasa-life\/wp-json\/wp\/v2\/media?parent=92762"}],"wp:term":[{"taxonomy":"category","embeddable":true,"href":"https:\/\/www.fotocasa.es\/fotocasa-life\/wp-json\/wp\/v2\/categories?post=92762"},{"taxonomy":"post_tag","embeddable":true,"href":"https:\/\/www.fotocasa.es\/fotocasa-life\/wp-json\/wp\/v2\/tags?post=92762"}],"curies":[{"name":"wp","href":"https:\/\/api.w.org\/{rel}","templated":true}]}}