{"id":92758,"date":"2024-12-18T07:37:14","date_gmt":"2024-12-18T06:37:14","guid":{"rendered":"https:\/\/www.fotocasa.es\/fotocasa-life\/?p=92758"},"modified":"2024-12-18T07:37:14","modified_gmt":"2024-12-18T06:37:14","slug":"casa-en-venta-en-las-palmas","status":"publish","type":"post","link":"https:\/\/www.fotocasa.es\/fotocasa-life\/inspiracion\/casa-en-venta-en-las-palmas\/","title":{"rendered":"Exclusiva casa en venta con piscina y vistas incre\u00edbles en Las Palmas"},"content":{"rendered":"<p>Este lujoso chalet est\u00e1 situado en la prestigiosa zona residencial de Cuesta de la Grama, en Las Palmas de Gran Canaria. Se trata de una propiedad \u00fanica que <strong>combina el lujo con el confort<\/strong>, y que destaca por sus vistas panor\u00e1micas a la ciudad.<\/p>\n<p>Desde Fotocasa, te presentamos esta <a href=\"https:\/\/www.fotocasa.es\/es\/comprar\/vivienda\/santa-brigida\/parking-jardin-terraza-trastero-patio-piscina\/162344913\/d?from=list\"><strong>casa en venta en Las Palmas<\/strong><\/a> gestionada por la inmobiliaria Gilmar, la opci\u00f3n perfecta para quienes buscan un hogar con <strong>acabados y materiales de primera calidad y un dise\u00f1o eficiente<\/strong> en un entorno rodeado de naturaleza. Descubre este chalet ubicado en Santa Br\u00edgida, uno de los municipios de la isla m\u00e1s exclusivos y con la mejor calidad de vida.<\/p>\n<section class=\"mini-posts\"><div class=\"row align-items-center\"><div class=\"col-4 col-md-3 pt-2 pb-2\"><div class=\"mini-posts__image\"><a href=\"https:\/\/www.fotocasa.es\/fotocasa-life\/inspiracion\/alucinante-casa-pasiva-estilo-nordico-en-boadilla-del-monte\/\"><img decoding=\"async\" src=\"https:\/\/www.fotocasa.es\/fotocasa-life\/wp-content\/uploads\/2024\/10\/casa-pasiva-en-Madrid-355x230.jpg\" alt=\"Alucinante casa pasiva estilo n\u00f3rdico en Boadilla del Monte\" title=\"-\"><\/a><\/div><\/div><div class=\"col-8 col-md-9 pt-2 pb-2\"><h3 class=\"mini-posts__title\"><a href=\"https:\/\/www.fotocasa.es\/fotocasa-life\/inspiracion\/alucinante-casa-pasiva-estilo-nordico-en-boadilla-del-monte\/\">Alucinante casa pasiva estilo n\u00f3rdico en Boadilla del Monte<\/a><\/h3><\/div><\/div><\/section>\n<h2>Chalet independiente en Las Palmas con impresionantes vistas<\/h2>\n<p>As\u00ed es este chalet independiente de <strong>520 metros cuadrados, cinco dormitorios y cuatro ba\u00f1os<\/strong> situado en una de las zonas m\u00e1s exclusivas de las Palmas de Gran Canaria.<\/p>\n<h3>Dise\u00f1o constructivo de primer nivel<\/h3>\n<p>El dise\u00f1o de la vivienda est\u00e1 pensado para que <strong>ninguno de sus muros est\u00e9 en contacto con el terreno<\/strong>, un factor que hace que el aislamiento mejore y la temperatura se mantenga, siendo m\u00e1s eficiente energ\u00e9ticamente. Adem\u00e1s, todos los elementos t\u00e9cnicos de la sala de m\u00e1quinas se han duplicado para proporcionar la <strong>m\u00e1xima conservaci\u00f3n del inmueble<\/strong> y asegurar un funcionamiento sin aver\u00edas. As\u00ed, sus residentes pueden disfrutar de la vivienda con la m\u00e1xima tranquilidad y confort.<\/p>\n","protected":false},"excerpt":{"rendered":"<p>\u00bfNos acompa\u00f1as a visitar este exclusivo chalet con vistas a Las Palmas con cinco habitaciones y cuatro ba\u00f1os? \u00a1Adelante!<\/p>\n","protected":false},"author":3,"featured_media":92760,"comment_status":"open","ping_status":"closed","sticky":false,"template":"","format":"standard","meta":{"_lmt_disableupdate":"yes","_lmt_disable":"","footnotes":""},"categories":[2697],"tags":[7558,2626,2412,4081],"class_list":["post-92758","post","type-post","status-publish","format-standard","has-post-thumbnail","hentry","category-inspiracion","tag-casa-en-venta","tag-gilmar","tag-hogar","tag-inspiracion"],"modified_by":"Jessica Llavero","_links":{"self":[{"href":"https:\/\/www.fotocasa.es\/fotocasa-life\/wp-json\/wp\/v2\/posts\/92758","targetHints":{"allow":["GET"]}}],"collection":[{"href":"https:\/\/www.fotocasa.es\/fotocasa-life\/wp-json\/wp\/v2\/posts"}],"about":[{"href":"https:\/\/www.fotocasa.es\/fotocasa-life\/wp-json\/wp\/v2\/types\/post"}],"author":[{"embeddable":true,"href":"https:\/\/www.fotocasa.es\/fotocasa-life\/wp-json\/wp\/v2\/users\/3"}],"replies":[{"embeddable":true,"href":"https:\/\/www.fotocasa.es\/fotocasa-life\/wp-json\/wp\/v2\/comments?post=92758"}],"version-history":[{"count":0,"href":"https:\/\/www.fotocasa.es\/fotocasa-life\/wp-json\/wp\/v2\/posts\/92758\/revisions"}],"wp:featuredmedia":[{"embeddable":true,"href":"https:\/\/www.fotocasa.es\/fotocasa-life\/wp-json\/wp\/v2\/media\/92760"}],"wp:attachment":[{"href":"https:\/\/www.fotocasa.es\/fotocasa-life\/wp-json\/wp\/v2\/media?parent=92758"}],"wp:term":[{"taxonomy":"category","embeddable":true,"href":"https:\/\/www.fotocasa.es\/fotocasa-life\/wp-json\/wp\/v2\/categories?post=92758"},{"taxonomy":"post_tag","embeddable":true,"href":"https:\/\/www.fotocasa.es\/fotocasa-life\/wp-json\/wp\/v2\/tags?post=92758"}],"curies":[{"name":"wp","href":"https:\/\/api.w.org\/{rel}","templated":true}]}}