{"id":92623,"date":"2024-11-26T07:53:25","date_gmt":"2024-11-26T06:53:25","guid":{"rendered":"https:\/\/www.fotocasa.es\/fotocasa-life\/?p=92623"},"modified":"2024-11-26T07:53:25","modified_gmt":"2024-11-26T06:53:25","slug":"se-puede-poner-llave-en-un-ascensor-comunitario","status":"publish","type":"post","link":"https:\/\/www.fotocasa.es\/fotocasa-life\/consultorio\/se-puede-poner-llave-en-un-ascensor-comunitario\/","title":{"rendered":"\u00bfSe puede poner llave en un ascensor comunitario?"},"content":{"rendered":"<p>De acuerdo con el art\u00edculo 17 la <strong>Ley de Propiedad Horizontal (LPH)<\/strong>, la instalaci\u00f3n de cualquier infraestructura com\u00fan en una comunidad de propietarios, \u00abrequerir\u00e1 el voto favorable de la mayor\u00eda de los propietarios, que, a su vez, representen la mayor\u00eda de las cuotas de participaci\u00f3n\u00bb.<\/p>\n<p>Sin embargo, \u00bfes legal acordar la instalaci\u00f3n de una llave en el <strong><a href=\"https:\/\/www.fotocasa.es\/fotocasa-life\/compraventa\/como-se-elige-en-la-comunidad-de-vecinos-si-instalar-o-no-un-ascensor\/\">ascensor de una comunidad<\/a><\/strong>? <strong>\u00bfEn qu\u00e9 situaciones podr\u00eda considerarse la instalaci\u00f3n de este sistema de seguridad en el edificio?<\/strong>\u00a0Lo analizamos, a continuaci\u00f3n, desde Fotocasa.<\/p>\n<section class=\"mini-posts\"><div class=\"row align-items-center\"><div class=\"col-4 col-md-3 pt-2 pb-2\"><div class=\"mini-posts__image\"><a href=\"https:\/\/www.fotocasa.es\/fotocasa-life\/consultorio\/me-pueden-prohibir-usar-el-ascensor-en-mi-comunidad-de-vecinos\/\"><img decoding=\"async\" src=\"https:\/\/www.fotocasa.es\/fotocasa-life\/wp-content\/uploads\/2024\/10\/usar-el-ascensor-355x230.jpg\" alt=\"\u00bfMe pueden prohibir usar el ascensor en mi comunidad de vecinos?\" title=\"-\"><\/a><\/div><\/div><div class=\"col-8 col-md-9 pt-2 pb-2\"><h3 class=\"mini-posts__title\"><a href=\"https:\/\/www.fotocasa.es\/fotocasa-life\/consultorio\/me-pueden-prohibir-usar-el-ascensor-en-mi-comunidad-de-vecinos\/\">\u00bfMe pueden prohibir usar el ascensor en mi comunidad de vecinos?<\/a><\/h3><\/div><\/div><\/section>\n<h2>\u00bfQu\u00e9 dice la Ley sobre poner una llave en el ascensor?<\/h2>\n<p>Teniendo en cuenta que el ascensor de un edificio comunitario es considerado un elemento com\u00fan, cualquier modificaci\u00f3n, incluida la instalaci\u00f3n de una llave para controlar el acceso y garantizar la seguridad, debe <strong>aprobarse por la junta de propietarios<\/strong>.<\/p>\n<p>Por lo tanto, podr\u00e1n <strong>adoptarse acuerdos para realizar innovaciones o nuevas instalaciones -como la instalaci\u00f3n de una llave-<\/strong>, cuando se alcance \u00abel voto favorable de las tres quintas partes del total de los propietarios que, a su vez, representen las tres quintas partes de las cuotas de participaci\u00f3n\u00bb.<\/p>\n","protected":false},"excerpt":{"rendered":"<p>Con el fin de garantizar la seguridad en el edificio, \u00bfes posible poner una llave en el ascensor? \u00bfCu\u00e1ndo son necesarios los ascensores con llave?<\/p>\n","protected":false},"author":152,"featured_media":92624,"comment_status":"open","ping_status":"closed","sticky":false,"template":"","format":"standard","meta":{"_lmt_disableupdate":"yes","_lmt_disable":"","footnotes":""},"categories":[4285],"tags":[12076,11958,12078,12077],"class_list":["post-92623","post","type-post","status-publish","format-standard","has-post-thumbnail","hentry","category-consultorio","tag-ascensor-comunitario","tag-consultorio","tag-llave-ascensor","tag-llave-ascensor-comunidad"],"modified_by":"Agustina Battioli","_links":{"self":[{"href":"https:\/\/www.fotocasa.es\/fotocasa-life\/wp-json\/wp\/v2\/posts\/92623","targetHints":{"allow":["GET"]}}],"collection":[{"href":"https:\/\/www.fotocasa.es\/fotocasa-life\/wp-json\/wp\/v2\/posts"}],"about":[{"href":"https:\/\/www.fotocasa.es\/fotocasa-life\/wp-json\/wp\/v2\/types\/post"}],"author":[{"embeddable":true,"href":"https:\/\/www.fotocasa.es\/fotocasa-life\/wp-json\/wp\/v2\/users\/152"}],"replies":[{"embeddable":true,"href":"https:\/\/www.fotocasa.es\/fotocasa-life\/wp-json\/wp\/v2\/comments?post=92623"}],"version-history":[{"count":0,"href":"https:\/\/www.fotocasa.es\/fotocasa-life\/wp-json\/wp\/v2\/posts\/92623\/revisions"}],"wp:featuredmedia":[{"embeddable":true,"href":"https:\/\/www.fotocasa.es\/fotocasa-life\/wp-json\/wp\/v2\/media\/92624"}],"wp:attachment":[{"href":"https:\/\/www.fotocasa.es\/fotocasa-life\/wp-json\/wp\/v2\/media?parent=92623"}],"wp:term":[{"taxonomy":"category","embeddable":true,"href":"https:\/\/www.fotocasa.es\/fotocasa-life\/wp-json\/wp\/v2\/categories?post=92623"},{"taxonomy":"post_tag","embeddable":true,"href":"https:\/\/www.fotocasa.es\/fotocasa-life\/wp-json\/wp\/v2\/tags?post=92623"}],"curies":[{"name":"wp","href":"https:\/\/api.w.org\/{rel}","templated":true}]}}