{"id":92417,"date":"2024-11-12T09:50:14","date_gmt":"2024-11-12T08:50:14","guid":{"rendered":"https:\/\/www.fotocasa.es\/fotocasa-life\/?p=92417"},"modified":"2024-11-12T09:50:14","modified_gmt":"2024-11-12T08:50:14","slug":"la-demanda-de-compra-de-vivienda-sigue-superando-a-la-de-alquiler","status":"publish","type":"post","link":"https:\/\/www.fotocasa.es\/fotocasa-life\/sector\/la-demanda-de-compra-de-vivienda-sigue-superando-a-la-de-alquiler\/","title":{"rendered":"La demanda de compra de vivienda sigue superando a la de alquiler"},"content":{"rendered":"<p>La <a href=\"https:\/\/www.fotocasa.es\/fotocasa-life\/compraventa\/el-61-de-la-demanda-de-vivienda-se-concentra-hacia-zonas-rurales-costeras-y-perifericas\/\" target=\"_blank\" rel=\"noopener\">demanda de vivienda en Espa\u00f1a<\/a>, tanto para compra como para alquiler, ha crecido en los \u00faltimos meses. Hoy en d\u00eda,<strong> el 26% de los espa\u00f1oles mayores de 18 a\u00f1os est\u00e1n buscando activamente una vivienda, <a href=\"https:\/\/www.fotocasa.es\/fotocasa-life\/quiero-comprar-casa\/\" target=\"_blank\" rel=\"noopener\">ya sea para comprar<\/a> o alquilar, lo cual supone un aumento de tres puntos respecto al 23% de principios de 2024.<\/strong><\/p>\n<p>Actualmente, el 15% de la poblaci\u00f3n est\u00e1 buscando vivienda para comprar y el 14% para alquilar. Esta tendencia, en la que la demanda de vivienda en propiedad supera a la de alquiler, comenz\u00f3 en 2022 y contin\u00faa seg\u00fan el \u00faltimo informe de Fotocasa Research, titulado \u201cRadiograf\u00eda del mercado de la vivienda en el segundo semestre de 2024\u201d.<\/p>\n<h3><\/h3>\n","protected":false},"excerpt":{"rendered":"<p>En seis meses, sube tres puntos porcentuales los espa\u00f1oles que demandan vivienda: pasa del 23% de espa\u00f1oles a principios de a\u00f1o al 26% en el segundo semestre del a\u00f1o<\/p>\n","protected":false},"author":182,"featured_media":92424,"comment_status":"open","ping_status":"closed","sticky":false,"template":"","format":"standard","meta":{"_lmt_disableupdate":"yes","_lmt_disable":"","footnotes":""},"categories":[2327],"tags":[12012,12011,12014,12013,11957,11955],"class_list":["post-92417","post","type-post","status-publish","format-standard","has-post-thumbnail","hentry","category-sector","tag-comparativa-compra-vs-alquiler-espana","tag-demanda-de-compra-de-vivienda-2024","tag-mercado-inmobiliario-espanol-2024","tag-preferencia-por-compra-de-vivienda","tag-sector","tag-tendencias-de-vivienda-en-espana"],"modified_by":"Agustina Battioli","_links":{"self":[{"href":"https:\/\/www.fotocasa.es\/fotocasa-life\/wp-json\/wp\/v2\/posts\/92417","targetHints":{"allow":["GET"]}}],"collection":[{"href":"https:\/\/www.fotocasa.es\/fotocasa-life\/wp-json\/wp\/v2\/posts"}],"about":[{"href":"https:\/\/www.fotocasa.es\/fotocasa-life\/wp-json\/wp\/v2\/types\/post"}],"author":[{"embeddable":true,"href":"https:\/\/www.fotocasa.es\/fotocasa-life\/wp-json\/wp\/v2\/users\/182"}],"replies":[{"embeddable":true,"href":"https:\/\/www.fotocasa.es\/fotocasa-life\/wp-json\/wp\/v2\/comments?post=92417"}],"version-history":[{"count":0,"href":"https:\/\/www.fotocasa.es\/fotocasa-life\/wp-json\/wp\/v2\/posts\/92417\/revisions"}],"wp:featuredmedia":[{"embeddable":true,"href":"https:\/\/www.fotocasa.es\/fotocasa-life\/wp-json\/wp\/v2\/media\/92424"}],"wp:attachment":[{"href":"https:\/\/www.fotocasa.es\/fotocasa-life\/wp-json\/wp\/v2\/media?parent=92417"}],"wp:term":[{"taxonomy":"category","embeddable":true,"href":"https:\/\/www.fotocasa.es\/fotocasa-life\/wp-json\/wp\/v2\/categories?post=92417"},{"taxonomy":"post_tag","embeddable":true,"href":"https:\/\/www.fotocasa.es\/fotocasa-life\/wp-json\/wp\/v2\/tags?post=92417"}],"curies":[{"name":"wp","href":"https:\/\/api.w.org\/{rel}","templated":true}]}}