{"id":92380,"date":"2024-12-02T09:01:49","date_gmt":"2024-12-02T08:01:49","guid":{"rendered":"https:\/\/www.fotocasa.es\/fotocasa-life\/?p=92380"},"modified":"2024-12-02T09:01:49","modified_gmt":"2024-12-02T08:01:49","slug":"que-pasara-con-las-hipotecas-en-2025","status":"publish","type":"post","link":"https:\/\/www.fotocasa.es\/fotocasa-life\/sector\/que-pasara-con-las-hipotecas-en-2025\/","title":{"rendered":"Qu\u00e9 pasar\u00e1 con las hipotecas en 2025"},"content":{"rendered":"<p>Con un <a href=\"https:\/\/www.fotocasa.es\/fotocasa-life\/hipotecas-finanzas\/evolucion-hipotecas-en-espana\/\"><strong>aumento del 8,8% de hipotecas firmadas entre el mismo periodo de 2023 y este a\u00f1o<\/strong> <\/a>estamos ante uno de los a\u00f1os estrella de la firma de hipotecas para viviendas. Despu\u00e9s de las subidas de a\u00f1os anteriores, este a\u00f1o podemos ver una bajada en el eur\u00edbor. \u00bfQu\u00e9 ocurrir\u00e1 en 2025 con las hipotecas? \u00bfPodremos ver una <strong>estabilizaci\u00f3n de la firma de pr\u00e9stamos hipotecarios<\/strong>? Desde Fotocasa entrevistamos a los principales expertos en compraventas para conocer sus<strong> previsiones sobre qu\u00e9 pasar\u00e1 con las hipotecas el a\u00f1o que viene<\/strong>.<\/p>\n<section class=\"mini-posts\"><div class=\"row align-items-center\"><div class=\"col-4 col-md-3 pt-2 pb-2\"><div class=\"mini-posts__image\"><a href=\"https:\/\/www.fotocasa.es\/fotocasa-life\/sector\/que-pasara-en-el-mercado-de-la-vivienda-en-2025\/\"><img decoding=\"async\" src=\"https:\/\/www.fotocasa.es\/fotocasa-life\/wp-content\/uploads\/2024\/11\/vivienda-en-2025-2-1-355x230.jpg\" alt=\"Qu\u00e9 pasar\u00e1 en el mercado de la vivienda en 2025\" title=\"-\"><\/a><\/div><\/div><div class=\"col-8 col-md-9 pt-2 pb-2\"><h3 class=\"mini-posts__title\"><a href=\"https:\/\/www.fotocasa.es\/fotocasa-life\/sector\/que-pasara-en-el-mercado-de-la-vivienda-en-2025\/\">Qu\u00e9 pasar\u00e1 en el mercado de la vivienda en 2025<\/a><\/h3><\/div><\/div><\/section>\n<h2><span style=\"font-weight: 400;\">M\u00e1s y mejores hipotecas en 2025 si el Banco Central Europeo cumple con las expectativas, de acuerdo con los expertos<\/span><\/h2>\n<p><span style=\"font-weight: 400;\">\u201cSe prev\u00e9 que el n\u00famero de hipotecas concedidas aumente en 2025\u201d indica Juan Jim\u00e9nez-Hevia (Head of Iberia de Real IS AG). Espec\u00edficamente, de acuerdo con Jorge Gin\u00e9s (director general de ASPRIMA) \u201c<\/span><b>un aumento en la firma de contratos, acerc\u00e1ndose de nuevo a los 400.000<\/b><span style=\"font-weight: 400;\">\u201d.<\/span><\/p>\n<p><span style=\"font-weight: 400;\">De esta manera, de acuerdo con Santiago Mart\u00ednez Morando (Jefe de An\u00e1lisis Econ\u00f3mico y Financiero de Ibercaja) las hipotecas el a\u00f1o que viene \u201c<\/span><b>crecer\u00e1n de forma notable tanto en n\u00famero como en importe medio<\/b><span style=\"font-weight: 400;\"> por el aumento de la demanda por motivos demogr\u00e1ficos y la moderaci\u00f3n de los tipos hipotecarios\u201d.<\/span><\/p>\n<p><span style=\"font-weight: 400;\">Este aumento es porque \u201cla demanda seguir\u00e1 fuerte y en alza, <\/span><b>aunque los precios sean muy altos, por la bajada de tipos de inter\u00e9s<\/b><span style=\"font-weight: 400;\">\u201d prev\u00e9 Rodolfo Moreno-Manzanaro (CEO de Luxury Angels). Adem\u00e1s, este aumento no viene solo,\u00a0 ya que \u201cva a seguir habiendo mucha actividad hipotecaria pero <\/span><b>con obligaciones contractuales de compra cruzada de otros servicios bancarios<\/b><span style=\"font-weight: 400;\">\u201d detalla Vicen\u00e7 Hern\u00e1ndez, economista, CEO de Tecnotramit y presidente de ANAI y AIC.<\/span><\/p>\n","protected":false},"excerpt":{"rendered":"<p>Le preguntamos a los principales expertos inmobiliarios qu\u00e9 ocurrir\u00e1 con las hipotecas el pr\u00f3ximo a\u00f1o<\/p>\n","protected":false},"author":152,"featured_media":92545,"comment_status":"open","ping_status":"closed","sticky":false,"template":"","format":"standard","meta":{"_lmt_disableupdate":"yes","_lmt_disable":"","footnotes":""},"categories":[2327],"tags":[11995,12060,12059,2955,12057,12058,11996],"class_list":["post-92380","post","type-post","status-publish","format-standard","has-post-thumbnail","hentry","category-sector","tag-11995","tag-alquilar-en-2025","tag-comprar-en-2025","tag-expertos-inmobiliarios","tag-previsiones-2025","tag-previsiones-vivienda","tag-vivienda-2025"],"modified_by":"Agustina Battioli","_links":{"self":[{"href":"https:\/\/www.fotocasa.es\/fotocasa-life\/wp-json\/wp\/v2\/posts\/92380","targetHints":{"allow":["GET"]}}],"collection":[{"href":"https:\/\/www.fotocasa.es\/fotocasa-life\/wp-json\/wp\/v2\/posts"}],"about":[{"href":"https:\/\/www.fotocasa.es\/fotocasa-life\/wp-json\/wp\/v2\/types\/post"}],"author":[{"embeddable":true,"href":"https:\/\/www.fotocasa.es\/fotocasa-life\/wp-json\/wp\/v2\/users\/152"}],"replies":[{"embeddable":true,"href":"https:\/\/www.fotocasa.es\/fotocasa-life\/wp-json\/wp\/v2\/comments?post=92380"}],"version-history":[{"count":0,"href":"https:\/\/www.fotocasa.es\/fotocasa-life\/wp-json\/wp\/v2\/posts\/92380\/revisions"}],"wp:featuredmedia":[{"embeddable":true,"href":"https:\/\/www.fotocasa.es\/fotocasa-life\/wp-json\/wp\/v2\/media\/92545"}],"wp:attachment":[{"href":"https:\/\/www.fotocasa.es\/fotocasa-life\/wp-json\/wp\/v2\/media?parent=92380"}],"wp:term":[{"taxonomy":"category","embeddable":true,"href":"https:\/\/www.fotocasa.es\/fotocasa-life\/wp-json\/wp\/v2\/categories?post=92380"},{"taxonomy":"post_tag","embeddable":true,"href":"https:\/\/www.fotocasa.es\/fotocasa-life\/wp-json\/wp\/v2\/tags?post=92380"}],"curies":[{"name":"wp","href":"https:\/\/api.w.org\/{rel}","templated":true}]}}