{"id":92376,"date":"2024-12-02T09:01:55","date_gmt":"2024-12-02T08:01:55","guid":{"rendered":"https:\/\/www.fotocasa.es\/fotocasa-life\/?p=92376"},"modified":"2024-12-02T09:01:55","modified_gmt":"2024-12-02T08:01:55","slug":"que-pasara-con-la-compraventa-de-viviendas-en-2025","status":"publish","type":"post","link":"https:\/\/www.fotocasa.es\/fotocasa-life\/sector\/que-pasara-con-la-compraventa-de-viviendas-en-2025\/","title":{"rendered":"Qu\u00e9 pasar\u00e1 con la compraventa de viviendas en 2025"},"content":{"rendered":"<p><span style=\"font-weight: 400;\">Con un 2023 de cifras que rozaban las 600.000 compraventas, cerrando como el segundo mejor a\u00f1o desde 2007, y un 2024 con una cifra similar,<\/span><b> \u00bfqu\u00e9 pasar\u00e1 con la compra de viviendas de 2025?<\/b><span style=\"font-weight: 400;\"> La bajada de tipos de inter\u00e9s y la consecuente bajada del euribor por un lado y el alza de precios por metro cuadrado por el otro ponen al mercado en un punto importante. Desde Fotocasa preguntamos a los expertos m\u00e1s relevantes sobre <\/span><b>cu\u00e1les son sus previsiones sobre la compraventa de viviendas en Espa\u00f1a en 2025.<\/b><\/p>\n<p><span style=\"font-weight: 400;\"><section class=\"mini-posts\"><div class=\"row align-items-center\"><div class=\"col-4 col-md-3 pt-2 pb-2\"><div class=\"mini-posts__image\"><a href=\"https:\/\/www.fotocasa.es\/fotocasa-life\/sector\/que-pasara-en-el-mercado-de-la-vivienda-en-2025\/\"><img decoding=\"async\" src=\"https:\/\/www.fotocasa.es\/fotocasa-life\/wp-content\/uploads\/2024\/11\/vivienda-en-2025-2-1-355x230.jpg\" alt=\"Qu\u00e9 pasar\u00e1 en el mercado de la vivienda en 2025\" title=\"-\"><\/a><\/div><\/div><div class=\"col-8 col-md-9 pt-2 pb-2\"><h3 class=\"mini-posts__title\"><a href=\"https:\/\/www.fotocasa.es\/fotocasa-life\/sector\/que-pasara-en-el-mercado-de-la-vivienda-en-2025\/\">Qu\u00e9 pasar\u00e1 en el mercado de la vivienda en 2025<\/a><\/h3><\/div><\/div><\/section><\/span><\/p>\n<h2><span style=\"font-weight: 400;\">La compra de vivienda en 2025 aumentar\u00e1 impulsada por la fuerte demanda y una mejora en las condiciones hipotecarias, seg\u00fan los expertos<\/span><\/h2>\n<p><span style=\"font-weight: 400;\">En 2025 seguiremos viendo una gran actividad en la compra de viviendas, de acuerdo con los expertos entrevistados. \u201c<\/span><b>Se mantendr\u00e1 el actual dinamismo<\/b><span style=\"font-weight: 400;\">, aunque con un crecimiento algo m\u00e1s moderado en comparaci\u00f3n con a\u00f1os anteriores\u201d explica Jes\u00fas Duque (Vicepresidente de alfa inmobiliaria). \u201c<\/span><b>El mercado residencial en Espa\u00f1a se encuentra en un ciclo de crecimiento sostenido<\/b><span style=\"font-weight: 400;\"> [&#8230;] esta tendencia sumada a la esperada bajada de tipos de inter\u00e9s impulsar\u00e1 nuevas compras de viviendas en 2025\u201d as\u00ed lo prev\u00e9 David de Gea, CEO de HousinGo. <\/span><\/p>\n","protected":false},"excerpt":{"rendered":"<p>Entrevistamos a los principales expertos en vivienda para saber qu\u00e9 ocurrir\u00e1 con la compra de viviendas en Espa\u00f1a el pr\u00f3ximo a\u00f1o<\/p>\n","protected":false},"author":152,"featured_media":92541,"comment_status":"open","ping_status":"closed","sticky":false,"template":"","format":"standard","meta":{"_lmt_disableupdate":"yes","_lmt_disable":"","footnotes":""},"categories":[2327],"tags":[11995,12060,12059,2955,12057,12058,11996],"class_list":["post-92376","post","type-post","status-publish","format-standard","has-post-thumbnail","hentry","category-sector","tag-11995","tag-alquilar-en-2025","tag-comprar-en-2025","tag-expertos-inmobiliarios","tag-previsiones-2025","tag-previsiones-vivienda","tag-vivienda-2025"],"modified_by":"Agustina Battioli","_links":{"self":[{"href":"https:\/\/www.fotocasa.es\/fotocasa-life\/wp-json\/wp\/v2\/posts\/92376","targetHints":{"allow":["GET"]}}],"collection":[{"href":"https:\/\/www.fotocasa.es\/fotocasa-life\/wp-json\/wp\/v2\/posts"}],"about":[{"href":"https:\/\/www.fotocasa.es\/fotocasa-life\/wp-json\/wp\/v2\/types\/post"}],"author":[{"embeddable":true,"href":"https:\/\/www.fotocasa.es\/fotocasa-life\/wp-json\/wp\/v2\/users\/152"}],"replies":[{"embeddable":true,"href":"https:\/\/www.fotocasa.es\/fotocasa-life\/wp-json\/wp\/v2\/comments?post=92376"}],"version-history":[{"count":0,"href":"https:\/\/www.fotocasa.es\/fotocasa-life\/wp-json\/wp\/v2\/posts\/92376\/revisions"}],"wp:featuredmedia":[{"embeddable":true,"href":"https:\/\/www.fotocasa.es\/fotocasa-life\/wp-json\/wp\/v2\/media\/92541"}],"wp:attachment":[{"href":"https:\/\/www.fotocasa.es\/fotocasa-life\/wp-json\/wp\/v2\/media?parent=92376"}],"wp:term":[{"taxonomy":"category","embeddable":true,"href":"https:\/\/www.fotocasa.es\/fotocasa-life\/wp-json\/wp\/v2\/categories?post=92376"},{"taxonomy":"post_tag","embeddable":true,"href":"https:\/\/www.fotocasa.es\/fotocasa-life\/wp-json\/wp\/v2\/tags?post=92376"}],"curies":[{"name":"wp","href":"https:\/\/api.w.org\/{rel}","templated":true}]}}