{"id":92230,"date":"2024-10-31T09:22:12","date_gmt":"2024-10-31T08:22:12","guid":{"rendered":"https:\/\/www.fotocasa.es\/fotocasa-life\/?p=92230"},"modified":"2025-02-21T15:35:53","modified_gmt":"2025-02-21T14:35:53","slug":"como-ayudar-con-la-dana-en-valencia","status":"publish","type":"post","link":"https:\/\/www.fotocasa.es\/fotocasa-life\/fotocasa\/como-ayudar-con-la-dana-en-valencia\/","title":{"rendered":"Listado de ayudas para personas afectadas por la DANA"},"content":{"rendered":"<h2>L\u00ednea de ayudas directas de 6.000 euros a personas con casas afectadas por la DANA<\/h2>\n<p>El <strong><a href=\"https:\/\/comunica.gva.es\/es\/detalle?id=387481592&amp;site=373410423\" target=\"_blank\" rel=\"noopener\">Consell en Pleno ha aprobado activar una l\u00ednea de ayudas directas<\/a> de 6.000 euros a todas aquellas personas cuyas casas se hayan visto afectadas por las riadas.<\/strong> Se tramitar\u00e1n por la v\u00eda de m\u00e1xima urgencia con el objetivo de que puedan ser recibidas antes de que finalice esta misma semana por aquellos que lo necesiten.<\/p>\n<h3>\u00bfC\u00f3mo solicitar la ayuda de 6.000 euros para viviendas afectadas por la DANA?<\/h3>\n<p style=\"text-align: center;\"><a href=\"https:\/\/www.gva.es\/es\/inicio\/procedimientos?id_proc=101532\" target=\"_blank\" rel=\"noopener\"><strong>Se podr\u00e1 solicitar desde la Generalitat Valenciana<\/strong><\/a><\/p>\n<ul>\n<li>Se podr\u00e1 solicitar desde el 5 de noviembre hasta el 16 de diciembre de 2024<\/li>\n<li>Para solicitarlo se deber\u00e1 <a href=\"https:\/\/siac-front.gva.es\/siac-front\/public\/descarga\/es\/F151800\" target=\"_blank\" rel=\"noopener\">rellenar un formulario<\/a> que encontraremos en la p\u00e1gina de la Generalidad Valenciana<\/li>\n<\/ul>\n<h3>Ayuda complementaria a la de 6.000 euros de la Generalitat de hasta 15.000 euros m\u00e1s para los afectados por la DANA<\/h3>\n<p>Adem\u00e1s, se ha acordado la solicitud al Gobierno de Espa\u00f1a de un primer paquete de medidas que servir\u00e1n para reconstruir, relanzar y paliar los efectos de la DANA entre las que se encuentran, entre muchas otras, la solicitud de una<strong> ayuda complementaria a la de 6.000 euros de la Generalitat de hasta 15.000 euros m\u00e1s para los afectados por la DANA<\/strong> y la solicitud de<strong> una ayuda de 15.000 euros para rehabilitaci\u00f3n o reconstrucci\u00f3n de la vivienda<\/strong> complementarios a lo dispuesto por la Generalitat Valenciana.<\/p>\n<h2><b>Los inquilinos podr\u00e1n beneficiarse de las ayudas del Gobierno de Espa\u00f1a por da\u00f1os en los enseres dom\u00e9sticos de las viviendas<\/b><\/h2>\n<p>El Gobierno de Espa\u00f1a ha aprobado el segundo paquete de medidas de ayuda para paliar las consecuencias de la DANA que afect\u00f3 a la Comunitat Valenciana, Castilla-La Mancha y Andaluc\u00eda en las pasadas semanas.<u><\/u><u><\/u><\/p>\n<p>En este nuevo paquete, el Ejecutivo ha sumado cinco nuevos grandes ejes en materia de vivienda, entre las que se encuentran:<u><\/u><u><\/u><\/p>\n<ol start=\"1\" type=\"1\">\n<li>Se establecen como beneficiarios de las ayudas por p\u00e9rdidas de enseres, eliminando el requisito de primera necesidad de \u00e9stos, a los inquilinos de las zonas afectadas y a los propietarios de viviendas cuyos arrendatarios tengan fijada en dicha vivienda su residencia habitual;<u><\/u><u><\/u><\/li>\n<li>Se habilitan los mecanismos para el adelanto del 50% de las ayudas por da\u00f1os materiales e incluye como subvencionables los gastos de peritaci\u00f3n, entre otros necesarios para cursar la solicitud de las ayudas;<u><\/u><u><\/u><\/li>\n<li>Se destinan 25 millones de euros para que SEPES compre viviendas destinadas al alojamiento de aquellas personas que hayan perdido temporal o definitivamente sus hogares;<u><\/u><u><\/u><\/li>\n<li>Se crea un grupo de trabajo y una comisi\u00f3n de coordinaci\u00f3n intersectorial para agilizar y facilitar la obtenci\u00f3n de suelos finalistas para la construcci\u00f3n de vivienda p\u00fablica en las zonas afectadas;<u><\/u><u><\/u><\/li>\n<li>Por \u00faltimo, se lanza una l\u00ednea de ayudas para que los municipios adapten sus Planes de Acci\u00f3n Local a las posibles consecuencias clim\u00e1ticas.<u><\/u><u><\/u><\/li>\n<\/ol>\n<p>Adem\u00e1s, el Gobierno, a trav\u00e9s de la divisi\u00f3n social de SAREB, pone a disposici\u00f3n las primeras 150 viviendas ubicadas en zonas afectadas o pr\u00f3ximas de forma gratuita e inmediata en esta misma semana, tras ser amuebladas y acondicionadas.<u><\/u><u><\/u><\/p>\n<p>Asimismo, SAREB proceder\u00e1 a la exenci\u00f3n del pago del alquiler a m\u00e1s de 800 familias alojadas en sus viviendas de la Comunitat Valenciana y de las localidades de Letur y Mira de Castilla-La Mancha, durante los pr\u00f3ximos 3 meses, para darles seguridad y apoyo.<\/p>\n<h2><strong>Ayudas directas para el pago del alquiler<\/strong><\/h2>\n<p>A todas aquellas personas cuya vivienda habitual y permanente haya resultado afectada por da\u00f1os ocasionados en alguno de los municipios afectados por la DANA <strong>podr\u00e1n ser beneficiarias de un ayuda de hasta 800 euros para el pago del alquiler. <\/strong><\/p>\n<p><strong>En caso de fallecimiento del propietario o inquilino de la vivienda, ser\u00e1n sus convivientes quienes puedan beneficiarse de la ayuda<\/strong>.<\/p>\n<p>Estas ayudas no se conceder\u00e1n si la persona solicitante o alg\u00fan miembro de su unidad de convivencia posee otra vivienda disponible a menos de 30 kil\u00f3metros, siempre que no haya sufrido da\u00f1os en su habitabilidad debido al temporal.<\/p>\n<h3>Cuant\u00eda, plazos y forma de pago de las ayudas al alquiler<\/h3>\n<ul>\n<li><strong>La cuant\u00eda de la ayuda se establece en un m\u00e1ximo de 800 euros mensuales con un l\u00edmite de 12 mensualidades<\/strong>, salvo que en el contrato de arrendamiento se haya estipulado un coste menor. En ese caso, se aplicar\u00e1 el importe estipulado en el contrato.<\/li>\n<li><strong>Pago anticipado<\/strong>: Se entregar\u00e1 el 30% de la subvenci\u00f3n al conceder la ayuda, mediante transferencia bancaria.<\/li>\n<li><strong>Pagos trimestrales<\/strong>: El resto se abonar\u00e1 cada tres meses, tras presentar los justificantes de pago del alquiler, que deben incluir los datos del arrendador y la mensualidad correspondiente.<\/li>\n<\/ul>\n<p>La solicitud de la ayuda estar\u00e1 disponible desde el 15 de noviembre de 2024 hasta el 30 de junio del 2025 y<strong>\u00a0se podr\u00e1 presentar mediante tr\u00e1mite telem\u00e1tico o presencialmente<\/strong> en las oficinas de coordinaci\u00f3n de la postemergencia creadas por la Generalitat, las oficinas de la red Xaloc, el Servicio Territorial de Vivienda de Valencia, la oficina Virtual de Atenci\u00f3n a la Ciudadan\u00eda o en las oficinas de correos y registros administrativos.<\/p>\n<h2>Ayuda terreta: para organizar a personas que necesitan ayuda y voluntarias<\/h2>\n<p>Esta p\u00e1gina web llamada <a href=\"https:\/\/ayudaterreta.com\/\" target=\"_blank\" rel=\"noopener\">AyudaTerreta<\/a> se ha creado con el objetivo de organizar la ayuda, podr\u00e1s inscribirte como persona o grupo que necesita ayuda o como persona o grupo que la ofrece.<\/p>\n<blockquote class=\"instagram-media\" style=\"background: #FFF; border: 0; border-radius: 3px; box-shadow: 0 0 1px 0 rgba(0,0,0,0.5),0 1px 10px 0 rgba(0,0,0,0.15); margin: 1px; max-width: 540px; min-width: 326px; padding: 0; width: calc(100% - 2px);\" data-instgrm-captioned=\"\" data-instgrm-permalink=\"https:\/\/www.instagram.com\/p\/DB3SRjnNdXr\/?utm_source=ig_embed&amp;utm_campaign=loading\" data-instgrm-version=\"14\">\n<div style=\"padding: 16px;\">\n<p>&nbsp;<\/p>\n<div style=\"display: flex; flex-direction: row; align-items: center;\">\n<div style=\"background-color: #f4f4f4; border-radius: 50%; flex-grow: 0; height: 40px; margin-right: 14px; width: 40px;\"><\/div>\n<div style=\"display: flex; flex-direction: column; flex-grow: 1; justify-content: center;\">\n<div style=\"background-color: #f4f4f4; border-radius: 4px; flex-grow: 0; height: 14px; margin-bottom: 6px; width: 100px;\"><\/div>\n<div style=\"background-color: #f4f4f4; border-radius: 4px; flex-grow: 0; height: 14px; width: 60px;\"><\/div>\n<\/div>\n<\/div>\n<div style=\"padding: 19% 0;\"><\/div>\n<div style=\"display: block; height: 50px; margin: 0 auto 12px; width: 50px;\"><\/div>\n<div style=\"padding-top: 8px;\">\n<div style=\"color: #3897f0; font-family: Arial,sans-serif; font-size: 14px; font-style: normal; font-weight: 550; line-height: 18px;\">View this post on Instagram<\/div>\n<\/div>\n<div style=\"padding: 12.5% 0;\"><\/div>\n<div style=\"display: flex; flex-direction: row; margin-bottom: 14px; align-items: center;\">\n<div>\n<div style=\"background-color: #f4f4f4; border-radius: 50%; height: 12.5px; width: 12.5px; transform: translateX(0px) translateY(7px);\"><\/div>\n<div style=\"background-color: #f4f4f4; height: 12.5px; transform: rotate(-45deg) translateX(3px) translateY(1px); width: 12.5px; flex-grow: 0; margin-right: 14px; margin-left: 2px;\"><\/div>\n<div style=\"background-color: #f4f4f4; border-radius: 50%; height: 12.5px; width: 12.5px; transform: translateX(9px) translateY(-18px);\"><\/div>\n<\/div>\n<div style=\"margin-left: 8px;\">\n<div style=\"background-color: #f4f4f4; border-radius: 50%; flex-grow: 0; height: 20px; width: 20px;\"><\/div>\n<div style=\"width: 0; height: 0; border-top: 2px solid transparent; border-left: 6px solid #f4f4f4; border-bottom: 2px solid transparent; transform: translateX(16px) translateY(-4px) rotate(30deg);\"><\/div>\n<\/div>\n<div style=\"margin-left: auto;\">\n<div style=\"width: 0px; border-top: 8px solid #F4F4F4; border-right: 8px solid transparent; transform: translateY(16px);\"><\/div>\n<div style=\"background-color: #f4f4f4; flex-grow: 0; height: 12px; width: 16px; transform: translateY(-4px);\"><\/div>\n<div style=\"width: 0; height: 0; border-top: 8px solid #F4F4F4; border-left: 8px solid transparent; transform: translateY(-4px) translateX(8px);\"><\/div>\n<\/div>\n<\/div>\n<div style=\"display: flex; flex-direction: column; flex-grow: 1; justify-content: center; margin-bottom: 24px;\">\n<div style=\"background-color: #f4f4f4; border-radius: 4px; flex-grow: 0; height: 14px; margin-bottom: 6px; width: 224px;\"><\/div>\n<div style=\"background-color: #f4f4f4; border-radius: 4px; flex-grow: 0; height: 14px; width: 144px;\"><\/div>\n<\/div>\n<p>&nbsp;<\/p>\n<p style=\"color: #c9c8cd; font-family: Arial,sans-serif; font-size: 14px; line-height: 17px; margin-bottom: 0; margin-top: 8px; overflow: hidden; padding: 8px 0 7px; text-align: center; text-overflow: ellipsis; white-space: nowrap;\"><a style=\"color: #c9c8cd; font-family: Arial,sans-serif; font-size: 14px; font-style: normal; font-weight: normal; line-height: 17px; text-decoration: none;\" href=\"https:\/\/www.instagram.com\/p\/DB3SRjnNdXr\/?utm_source=ig_embed&amp;utm_campaign=loading\" target=\"_blank\" rel=\"noopener\">A post shared by Ayuda Terreta (@ayudaterreta)<\/a><\/p>\n<\/div>\n<\/blockquote>\n<p><script async src=\"\/\/www.instagram.com\/embed.js\"><\/script><\/p>\n<h2><strong>Donaciones y recogida de alimentos<\/strong><\/h2>\n<h3><strong>Cruz Roja<\/strong><\/h3>\n<p>La organizaci\u00f3n pide donativos <a class=\"c-link c-link--focus-visible\" href=\"https:\/\/www2.cruzroja.es\/-\/ayuda-emergencia-dana\" target=\"_blank\" rel=\"nofollow noopener\" data-stringify-link=\"https:\/\/www2.cruzroja.es\/-\/ayuda-emergencia-dana\" data-sk=\"tooltip_parent\">a trav\u00e9s de su web<\/a>, pone a disposici\u00f3n de los donantes el tel\u00e9fono 900104971,\u00a0bizum en el 33512 y sms de donaci\u00f3n de seis euros\u00a0al enviar la palabra AYUDA al 38092.<\/p>\n<p>Junto a los servicios de emergencia, Cruz Roja Espa\u00f1ola, participa en las labores de evacuaci\u00f3n, la atenci\u00f3n de albergues habilitados para los afectados y la recuperaci\u00f3n de las viviendas de las zonas damnificadas.<\/p>\n<blockquote class=\"twitter-tweet\">\n<p dir=\"ltr\" lang=\"es\">Miles de personas se han visto afectadas por la <strong>#Dana<\/strong>. Trabajamos las 24 horas para ofrecerles alojamiento seguro y cubrir sus necesidades b\u00e1sicas. Es momento de ayudar. Si puedes, \u00a1colabora!<\/p>\n<p>\u2014 Cruz Roja Espa\u00f1ola (@CruzRojaEsp) <a href=\"https:\/\/twitter.com\/CruzRojaEsp\/status\/1851645811785953554?ref_src=twsrc%5Etfw\" target=\"_blank\" rel=\"nofollow noopener\">October 30, 2024<\/a><\/p><\/blockquote>\n<p><script async src=\"https:\/\/platform.twitter.com\/widgets.js\" charset=\"utf-8\"><\/script><\/p>\n<h3><strong>Banco de Alimentos en Valencia<\/strong><\/h3>\n<p>El campo de Mestalla del Valencia CF se ha convertido en punto de dep\u00f3sito de alimentos y enseres de primera necesidad.<\/p>\n<p>Desde este mi\u00e9rcoles a las 17:00 horas, voluntarios del Banco de Alimentos de Valencia recoger\u00e1n las aportaciones en los accesos al estadio en la Avenida de Arag\u00f3n.<\/p>\n<h3><strong>Campa\u00f1a de C\u00e1ritas<\/strong><\/h3>\n<p>Esta campa\u00f1a tendr\u00e1 por objetivo canalizar la ayuda a a C\u00e1ritas de Valencia y Albacete en su trabajo de apoyo a los damnificados. La entidad se est\u00e1 coordinando con el Ayuntamiento de Valencia.<\/p>\n<ul>\n<li style=\"list-style-type: none;\">\n<ul>\n<li data-stringify-indent=\"0\" data-stringify-border=\"0\">Las cuentas son de EMERGENCIA DANA VALENCIA\n<ul>\n<li data-stringify-indent=\"0\" data-stringify-border=\"0\">Caixa Popular: ES19 3159 0078 5716 6338 6025<\/li>\n<li data-stringify-indent=\"0\" data-stringify-border=\"0\">Caixabank: ES02 2100 8734 6113 0064 8236.<\/li>\n<li data-stringify-indent=\"0\" data-stringify-border=\"0\">M\u00e1s informaci\u00f3n <a class=\"c-link c-link--focus-visible\" href=\"https:\/\/www.caritasvalencia.org\/\" target=\"_blank\" rel=\"nofollow noopener\" data-stringify-link=\"https:\/\/www.caritasvalencia.org\/\" data-sk=\"tooltip_parent\">en su web<\/a>.<\/li>\n<\/ul>\n<\/li>\n<\/ul>\n<\/li>\n<\/ul>\n<h3>\u00a0Cuenta solidaria de la Generalitat Valenciana<\/h3>\n<p>La Generalitat Valenciana <a href=\"https:\/\/comunica.gva.es\/es\/detalle?id=387402765&amp;site=373422916\" target=\"_blank\" rel=\"noopener\">ha creado una cuenta solidaria<\/a> destinada a apoyar a los afectados por la DANA que ha azotado la Comunitat Valenciana. A trav\u00e9s de esta iniciativa, ciudadanos, entidades y empresas podr\u00e1n realizar donaciones que ser\u00e1n destinadas \u00edntegramente a asistir a las personas afectadas y contribuir a reparar los da\u00f1os sufridos.<\/p>\n<p>La iniciativa solidaria est\u00e1 ya operativa gracias a la Conselleria de Hacienda, Econom\u00eda y Administraci\u00f3n P\u00fablica en colaboraci\u00f3n con el Banco Sabadell.<\/p>\n<p>Los interesados pueden realizar sus donaciones en la siguiente cuenta finalista: ES94 0081 0693 61 0002423445<\/p>\n<p>Por cada euro donado, el Banco Sabadell se ha comprometido a aportar un euro adicional, con una aportaci\u00f3n m\u00ednima por parte de la entidad de 500.000 euros.<\/p>\n<h2>Naturgy permitir\u00e1 aplazar sus facturas de luz, gas y servicios a hogares<\/h2>\n<p><strong><a href=\"https:\/\/www.naturgy.com\/notas-de-prensa\/naturgy-aplaza-facturas-a-clientes-y-adelanta-pagos-a-proveedores-de-las-zonas-afectadas-por-la-dana\/\" target=\"_blank\" rel=\"noopener\">Naturgy permitir\u00e1 aplazar sus facturas de luz<\/a>, gas y servicios a hogares<\/strong>, pymes y aut\u00f3nomos de las zonas afectadas por las lluvias torrenciales de los \u00faltimos d\u00edas. El aplazamiento <strong>se podr\u00e1 solicitar a trav\u00e9s de cualquier canal del Servicio de Atenci\u00f3n al Cliente de las \u00e1reas afectadas<\/strong>. Adem\u00e1s, la compa\u00f1\u00eda ha activado un programa de priorizaci\u00f3n y adelanto de pagos a proveedores afectados en la Comunidad Valenciana y Castilla-La Mancha.<\/p>\n<h2>Colaboraci\u00f3n de inmobiliarias en Valencia para los desalojados por la DANA<\/h2>\n<p>Desde el <strong>Colegio Oficial de Agentes de la Propiedad Inmobiliaria de Valencia<\/strong> y la<strong> Asociaci\u00f3n de Profesionales Inmobiliarios de Valencia<\/strong> han solicitado a sus miembros que se sumen a la iniciativa y colaboren con las administraciones en la identificaci\u00f3n de viviendas que puedan destinarse a los damnificados. <span dir=\"ltr\" role=\"presentation\">Se ha transmitido ya a los <\/span><span dir=\"ltr\" role=\"presentation\">colegiados y asociados el deseo de que hagan efectiva <\/span><span dir=\"ltr\" role=\"presentation\">dicha ayuda colaborando con las administraciones <\/span><span dir=\"ltr\" role=\"presentation\">competentes en la localizaci\u00f3n de viviendas donde hacer <\/span><span dir=\"ltr\" role=\"presentation\">posible esta posibilidad y paliar la inexistencia de vivienda <\/span><span dir=\"ltr\" role=\"presentation\">para los muchos afectados.<\/span><\/p>\n<p>Si <strong>tienes una vivienda vac\u00eda o una habitaci\u00f3n disponible en la Comunidad Valenciana y alrededores y deseas ponerla a disposici\u00f3n de personas desalojadas a causa de la DANA<\/strong>, puedes contactar con las autoridades de la zona.<\/p>\n<h2>Colegio de Registradores: notas simples gratuitas a los afectados<\/h2>\n<p style=\"font-weight: 400;\">Los Registradores de la Comunidad Valenciana facilitar\u00e1n notas simples gratuitas a todos los afectados por la DANA, para poder acreditar la titularidad vigente de sus inmuebles, a los efectos de la solicitud de ayudas y subvenciones.<\/p>\n<p style=\"font-weight: 400;\">El Colegio de Registradores, ante la redacci\u00f3n del art\u00edculo 6 a) y 7 d) del Decreto 163\/2024 de la Comunidad Valenciana, que exigen \u201cel t\u00edtulo jur\u00eddico o documento con valor probatorio de residencia en la vivienda afectada\u201d, informa que dicho t\u00edtulo jur\u00eddico podr\u00e1 ser la nota simple de titularidad vigente, que se expedir\u00e1 de forma gratuita por los registros de la propiedad para los afectados por la tragedia de la DANA.<\/p>\n<p style=\"font-weight: 400;\">La nota podr\u00e1 solicitarse por los interesados:<\/p>\n<ul style=\"font-weight: 400;\">\n<li>presencialmente en el decanato de los registradores de la Comunidad Valenciana, (Plaza Reina 5, 46003, Valencia) o<\/li>\n<li>por correo electr\u00f3nico:\u00a0danaregistradores@registradores.org<\/li>\n<\/ul>\n<h2>Colegio de Registradores: nota de localizaci\u00f3n gratuita para los afectados<\/h2>\n<p>Nos ponemos a disposici\u00f3n de todos ellos, para que, si as\u00ed lo desean, puedan obtener una nota de localizaci\u00f3n, sin coste para el solicitante, que les <strong>permita acreditar su patrimonio inmobiliario o su ausencia del mismo, a la hora de solicitar subvenciones, o realizar cualquier otro tipo de gestiones<\/strong> que tengan por conveniente.<\/p>\n<p>En los pr\u00f3ximos d\u00edas estar\u00e1 operativo el Portal Registral de Emergencias, que les permitir\u00e1 localizar su finca dentro del per\u00edmetro de las inundaciones.<\/p>\n<h2><strong>Leg\u00e1litas habilita un tel\u00e9fono gratuito para<\/strong><strong>\u00a0ayudar<\/strong><strong>\u00a0legal<\/strong><strong>mente<\/strong><strong>\u00a0a los afectados por la DANA<\/strong><\/h2>\n<p>Leg\u00e1litas pone a disposici\u00f3n de los afectados por la DANA un n\u00famero de tel\u00e9fono,\u00a0<strong>91 558 99 96<\/strong>, en el que se atender\u00e1 de manera gratuita todas las dudas de car\u00e1cter legal que deseen formular tanto los propios damnificados, como aquellos familiares o amigos que hayan sido perjudicados.<\/p>\n<p>En este sentido, la compa\u00f1\u00eda ha dispuesto un equipo de abogados pertenecientes a diferentes departamentos para que atiendan las consultas que pudieran producirse.<\/p>\n<p>Los ciudadanos podr\u00e1n asesorarse en materia de seguros para conocer qu\u00e9 da\u00f1os materiales (vivienda, veh\u00edculos, etc.) est\u00e1n cubiertos por su p\u00f3liza, c\u00f3mo solicitar una indemnizaci\u00f3n al Consorcio de Compensaci\u00f3n de Seguros o qu\u00e9 derechos tiene un damnificado que, por ejemplo, viva de alquiler.<\/p>\n<h2 id=\"h1Title\">Consumo elabora una gu\u00eda con los derechos que cubren a los afectados por la DANA<\/h2>\n<p>El Ministerio de Derechos Sociales, Consumo y Agenda 2030 ha elaborado una gu\u00eda donde recoge los derechos que cubren a las personas consumidoras que han sido afectadas por la DANA.<\/p>\n<p class=\"ms-rteElement-Parrafo_Normal\">La gu\u00eda recopila los derechos que cubren a las personas consumidoras en los siguientes casos:<\/p>\n<ol class=\"ms-rteElement-Parrafo_Normal\">\n<li>Puedes solicitar <strong>la suspensi\u00f3n temporal o definitiva de los contratos de prestaci\u00f3n de servicios (gas, luz, agua, telefon\u00eda e internet\u2026) si es imposible disfrutar de ellos.<\/strong> El art\u00edculo 47 del\u00a0Real Decreto-ley\u00a0contempla que, en estos casos, por ejemplo, mientras se rehabilita la vivienda, la persona consumidora podr\u00e1 elegir entre la resoluci\u00f3n del contrato o el aplazamiento de su ejecuci\u00f3n (es decir, no tendr\u00e1 que abonar\u00a0el servicio durante este periodo). En cancelaciones definitivas se deber\u00e1n restituir las potenciales cantidades abonadas en un plazo m\u00e1ximo de treinta d\u00edas.<\/li>\n<li><strong>Si vives de alquiler y tu vivienda es inhabitable, puedes comunicar a tu arrendador que te acoges a la suspensi\u00f3n del contrato hasta que la vivienda vuelva a ser habitable.<\/strong> Este derecho se puede ejercer conforme a lo previsto en el art\u00edculo 26 de la Ley 29\/1994, de 24 de noviembre, de Arrendamientos Urbanos. El inquilino tambi\u00e9n podr\u00e1 desistir del contrato sin sufrir indemnizaci\u00f3n alguna en estos casos.<\/li>\n<li><strong>Puedes solicitar la moratoria de cr\u00e9ditos como la hipoteca, la letra de un coche o un cr\u00e9dito al consumo.<\/strong> El art\u00edculo 35 del Real Decreto-ley permite solicitar a la entidad financiera una moratoria de hasta tres meses. Una vez que el afectado realice la solicitud de suspensi\u00f3n, el acreedor proceder\u00e1 a la suspensi\u00f3n de los pagos de las obligaciones en un plazo de quince d\u00edas.<\/li>\n<li><strong>Si no puedes disfrutar de alguno de los productos o servicios contratados antes de la DANA, se ampl\u00eda tu derecho a desistir del contrato hasta el 31 de enero de 2025<\/strong>. El art\u00edculo 46 del Real Decreto-ley te permite ejercer este derecho para casos como viajes, conciertos, servicios digitales o la compra de enseres para tu vivienda. Para ejercer este derecho a cancelar los servicios contratados o devolver los bienes comprados, no ser\u00e1 necesario presentar los documentos que sean imposibles de obtener o recuperar debido a la propia DANA.<\/li>\n<\/ol>\n<p class=\"ms-rteElement-Parrafo_Normal\">Adem\u00e1s de estas actuaciones en el \u00e1mbito de consumo, el Ministerio recuerda que el nuevo Real Decreto-ley permite a las personas afectadas solicitar otras medidas o ayudas como las destinadas a la rehabilitaci\u00f3n de vivienda, al cobro de compensaciones por seguros o el acceso de avales para cr\u00e9dito, entre otras.<\/p>\n<h2><b>El Gobierno de Espa\u00f1a y la Generalitat Valenciana constituyen el grupo de trabajo de vivienda para combatir las consecuencias de la DANA<\/b><\/h2>\n<p>Isabel Rodr\u00edguez, ministra de Vivienda y Agenda Urbana, y Susana Camarero, vicepresidenta segunda y consellera de Servicios Sociales, Igualdad y Vivienda de la Generalitat Valenciana, han<br \/>\nconstituido el grupo de trabajo para hacer frente a las consecuencias de la DANA en Valencia en materia de vivienda.<\/p>\n<p>La ministra y la vicepresidenta segunda han tenido una primera toma de contacto donde han valorado los posibles da\u00f1os materiales en las viviendas de las zonas afectadas por la DANA y <strong>diferentes v\u00edas de ayudas y alternativas habitacionales para las personas que han sufrido estos da\u00f1os.<\/strong><\/p>\n<p>Ambas coinciden en que el eje com\u00fan de todas las ayudas ejecutadas debe ser el de la agilidad y la rapidez, para que lleguen cuanto antes a los afectados.<br \/>\n<strong>Isabel Rodr\u00edguez ha recordado que el Ejecutivo central \u201cpondr\u00e1 todos los medios necesarios para combatir las consecuencias de la DANA\u201d.<\/strong><\/p>\n<p>El Ministerio de Vivienda se ha comprometido a seguir mantenido estas reuniones paracoordinar las actuaciones que tengan que ser llevadas a cabo y actualizar el estado de estas. Isabel Rodr\u00edguez ha asistido a la reuni\u00f3n junto al secretario de Estado de Vivienda y Agenda Urbana, David Lucas, y parte de su Gabinete.<\/p>\n<p><strong>\u00bfConoces m\u00e1s iniciativas? D\u00e9jalas en los comentarios <\/strong><\/p>\n","protected":false},"excerpt":{"rendered":"<p>L\u00ednea de ayudas directas de 6.000 euros a personas con casas afectadas por la DANA El Consell en Pleno ha aprobado activar una l\u00ednea de ayudas directas de 6.000 euros a todas aquellas personas cuyas casas se hayan visto afectadas por las riadas. Se tramitar\u00e1n por la v\u00eda de m\u00e1xima urgencia con el objetivo de&#8230;<\/p>\n","protected":false},"author":3,"featured_media":92238,"comment_status":"open","ping_status":"closed","sticky":false,"template":"","format":"standard","meta":{"_lmt_disableupdate":"no","_lmt_disable":"","footnotes":""},"categories":[1050],"tags":[11968,3919,11966,11967,2949],"class_list":["post-92230","post","type-post","status-publish","format-standard","has-post-thumbnail","hentry","category-fotocasa","tag-ayuda-dana","tag-ayudas","tag-dana","tag-lluvias","tag-valencia"],"modified_by":"laia.ines.ext@adevinta.com","_links":{"self":[{"href":"https:\/\/www.fotocasa.es\/fotocasa-life\/wp-json\/wp\/v2\/posts\/92230","targetHints":{"allow":["GET"]}}],"collection":[{"href":"https:\/\/www.fotocasa.es\/fotocasa-life\/wp-json\/wp\/v2\/posts"}],"about":[{"href":"https:\/\/www.fotocasa.es\/fotocasa-life\/wp-json\/wp\/v2\/types\/post"}],"author":[{"embeddable":true,"href":"https:\/\/www.fotocasa.es\/fotocasa-life\/wp-json\/wp\/v2\/users\/3"}],"replies":[{"embeddable":true,"href":"https:\/\/www.fotocasa.es\/fotocasa-life\/wp-json\/wp\/v2\/comments?post=92230"}],"version-history":[{"count":0,"href":"https:\/\/www.fotocasa.es\/fotocasa-life\/wp-json\/wp\/v2\/posts\/92230\/revisions"}],"wp:featuredmedia":[{"embeddable":true,"href":"https:\/\/www.fotocasa.es\/fotocasa-life\/wp-json\/wp\/v2\/media\/92238"}],"wp:attachment":[{"href":"https:\/\/www.fotocasa.es\/fotocasa-life\/wp-json\/wp\/v2\/media?parent=92230"}],"wp:term":[{"taxonomy":"category","embeddable":true,"href":"https:\/\/www.fotocasa.es\/fotocasa-life\/wp-json\/wp\/v2\/categories?post=92230"},{"taxonomy":"post_tag","embeddable":true,"href":"https:\/\/www.fotocasa.es\/fotocasa-life\/wp-json\/wp\/v2\/tags?post=92230"}],"curies":[{"name":"wp","href":"https:\/\/api.w.org\/{rel}","templated":true}]}}