{"id":91931,"date":"2024-10-11T08:06:35","date_gmt":"2024-10-11T06:06:35","guid":{"rendered":"https:\/\/www.fotocasa.es\/fotocasa-life\/?p=91931"},"modified":"2024-10-11T08:06:35","modified_gmt":"2024-10-11T06:06:35","slug":"tony-blamey-nuevo-general-manager-de-fotocasa-y-habitaclia","status":"publish","type":"post","link":"https:\/\/www.fotocasa.es\/fotocasa-life\/fotocasa\/tony-blamey-nuevo-general-manager-de-fotocasa-y-habitaclia\/","title":{"rendered":"Tony Blamey, nuevo General Manager de Fotocasa y habitaclia"},"content":{"rendered":"<p><span style=\"font-weight: 400;\">Tony Blamey se incorpora como <\/span><b>nuevo General Manager en Adevinta Real Estate Spain liderando los portales inmobiliarios <\/b><a href=\"https:\/\/www.fotocasa.es\"><b>Fotocasa<\/b><\/a><b> y <\/b><a href=\"https:\/\/www.habitaclia.com\/\" target=\"_blank\" rel=\"noopener\"><b>habitaclia<\/b><\/a><b>.<\/b><span style=\"font-weight: 400;\"> Con esta incorporaci\u00f3n, la compa\u00f1\u00eda reafirma su compromiso con la innovaci\u00f3n y el liderazgo en el sector inmobiliario en un entorno digital en constante evoluci\u00f3n. Y es que Blamey se incorpora a Adevinta Real Estate Spain tras su reciente llegada desde Australia con el prop\u00f3sito de hacer frente a los desaf\u00edos actuales y contribuir al crecimiento y \u00e9xito de la compa\u00f1\u00eda en esta nueva etapa.<\/span><\/p>\n<p><img loading=\"lazy\" decoding=\"async\" class=\"aligncenter size-full wp-image-91932\" src=\"https:\/\/www.fotocasa.es\/fotocasa-life\/wp-content\/uploads\/2024\/10\/Tony-Blamey.jpg\" alt=\"General Manager Fotocasa y Habitaclia\" width=\"684\" height=\"659\" title=\"-\" srcset=\"https:\/\/www.fotocasa.es\/fotocasa-life\/wp-content\/uploads\/2024\/10\/Tony-Blamey.jpg 684w, https:\/\/www.fotocasa.es\/fotocasa-life\/wp-content\/uploads\/2024\/10\/Tony-Blamey-300x289.jpg 300w, https:\/\/www.fotocasa.es\/fotocasa-life\/wp-content\/uploads\/2024\/10\/Tony-Blamey-150x145.jpg 150w\" sizes=\"auto, (max-width: 684px) 100vw, 684px\" \/><\/p>\n<p><b>Con una trayectoria de m\u00e1s de 20 a\u00f1os en la industria PropTech<\/b><span style=\"font-weight: 400;\"> (Property Technology), Tony Blamey ha sido una figura clave en el sector inmobiliario de Australia, ocupando posiciones clave en Domain Group como <\/span><i><span style=\"font-weight: 400;\">Chief Commercial Officer<\/span><\/i><span style=\"font-weight: 400;\"> y <\/span><i><span style=\"font-weight: 400;\">Chief Product &amp; Customer Experience Officer<\/span><\/i><span style=\"font-weight: 400;\">. Su experiencia incluye la introducci\u00f3n de productos y servicios innovadores que ayudaron a miles de personas a encontrar el hogar adecuado y a las empresas a conectar con los compradores ideales.\u00a0<\/span><\/p>\n<p><span style=\"font-weight: 400;\">Adem\u00e1s, su contribuci\u00f3n en Domain Group incluy\u00f3 la consolidaci\u00f3n de algunas de las marcas inmobiliarias m\u00e1s reconocidas de Australia, como Domain, Commercial Real Estate, Real-Time-Agent, MyDesktop, Homepass y PriceFinder. En 2017, form\u00f3 parte del equipo directivo que llev\u00f3 con \u00e9xito a Domain Group a cotizar en la bolsa de valores australiana (ASX).<\/span><\/p>\n<p><span style=\"font-weight: 400;\">En 2021, tras diecisiete a\u00f1os en Fairfax Media y Domain Group, se incorpor\u00f3 como <\/span><i><span style=\"font-weight: 400;\">Chief Revenue Officer <\/span><\/i><span style=\"font-weight: 400;\">en Different donde fue pionero en la introducci\u00f3n de nuevas tecnolog\u00edas y en la combinaci\u00f3n de expertos inmobiliarios con un innovador modelo de prestaci\u00f3n de servicios para la gesti\u00f3n de propiedades. Blamey ha ejercido como consultor para empresas PropTech a nivel global y <\/span><b>es reconocido como una de las principales voces influyentes sobre el futuro de la tecnolog\u00eda en el mercado inmobiliario.<\/b><\/p>\n<p><span style=\"font-weight: 400;\">\u201cEs un honor poder unirme al equipo de <\/span><span style=\"font-weight: 400;\">Fotocasa<\/span><span style=\"font-weight: 400;\"> y <\/span><span style=\"font-weight: 400;\">habitaclia<\/span><span style=\"font-weight: 400;\"> en un momento tan crucial para el sector inmobiliario en Espa\u00f1a. Sin duda, me enfrento a este nuevo reto con gran entusiasmo. A lo largo de mi carrera he tenido el privilegio de liderar equipos de alto rendimiento en mercados altamente competitivos, y espero aplicar estos aprendizajes en mi nuevo rol. Tengo plena confianza en las oportunidades de crecimiento del negocio inmobiliario espa\u00f1ol y estoy seguro de que, junto al talentoso equipo de <\/span><span style=\"font-weight: 400;\">Fotocasa<\/span><span style=\"font-weight: 400;\"> y <\/span><span style=\"font-weight: 400;\">habitaclia<\/span><span style=\"font-weight: 400;\">, seguiremos innovando y creando valor tanto para los usuarios como para nuestros clientes\u201d, ha se\u00f1alado <\/span><b>Tony Blamey, General Manager en Adevinta Real Estate Spain<\/b><span style=\"font-weight: 400;\">.\u00a0<\/span><\/p>\n<p><span style=\"font-weight: 400;\">Blamey se une a Adevinta Real Estate Spain en sustituci\u00f3n de Jos\u00e9 Manuel Merino, quien dej\u00f3 la compa\u00f1\u00eda el pasado septiembre tras dieciocho a\u00f1os.\u00a0<\/span><\/p>\n","protected":false},"excerpt":{"rendered":"<p>Tony Blamey se incorpora como nuevo General Manager en Adevinta Real Estate Spain liderando los portales inmobiliarios Fotocasa y habitaclia. Con esta incorporaci\u00f3n, la compa\u00f1\u00eda reafirma su compromiso con la innovaci\u00f3n y el liderazgo en el sector inmobiliario en un entorno digital en constante evoluci\u00f3n. Y es que Blamey se incorpora a Adevinta Real Estate&#8230;<\/p>\n","protected":false},"author":3,"featured_media":91933,"comment_status":"open","ping_status":"closed","sticky":false,"template":"","format":"standard","meta":{"_lmt_disableupdate":"yes","_lmt_disable":"","footnotes":""},"categories":[1050],"tags":[11867,11868],"class_list":["post-91931","post","type-post","status-publish","format-standard","has-post-thumbnail","hentry","category-fotocasa","tag-general-manager","tag-tony-blamey"],"modified_by":"Agustina Battioli","_links":{"self":[{"href":"https:\/\/www.fotocasa.es\/fotocasa-life\/wp-json\/wp\/v2\/posts\/91931","targetHints":{"allow":["GET"]}}],"collection":[{"href":"https:\/\/www.fotocasa.es\/fotocasa-life\/wp-json\/wp\/v2\/posts"}],"about":[{"href":"https:\/\/www.fotocasa.es\/fotocasa-life\/wp-json\/wp\/v2\/types\/post"}],"author":[{"embeddable":true,"href":"https:\/\/www.fotocasa.es\/fotocasa-life\/wp-json\/wp\/v2\/users\/3"}],"replies":[{"embeddable":true,"href":"https:\/\/www.fotocasa.es\/fotocasa-life\/wp-json\/wp\/v2\/comments?post=91931"}],"version-history":[{"count":0,"href":"https:\/\/www.fotocasa.es\/fotocasa-life\/wp-json\/wp\/v2\/posts\/91931\/revisions"}],"wp:featuredmedia":[{"embeddable":true,"href":"https:\/\/www.fotocasa.es\/fotocasa-life\/wp-json\/wp\/v2\/media\/91933"}],"wp:attachment":[{"href":"https:\/\/www.fotocasa.es\/fotocasa-life\/wp-json\/wp\/v2\/media?parent=91931"}],"wp:term":[{"taxonomy":"category","embeddable":true,"href":"https:\/\/www.fotocasa.es\/fotocasa-life\/wp-json\/wp\/v2\/categories?post=91931"},{"taxonomy":"post_tag","embeddable":true,"href":"https:\/\/www.fotocasa.es\/fotocasa-life\/wp-json\/wp\/v2\/tags?post=91931"}],"curies":[{"name":"wp","href":"https:\/\/api.w.org\/{rel}","templated":true}]}}