{"id":91859,"date":"2024-10-16T15:48:31","date_gmt":"2024-10-16T13:48:31","guid":{"rendered":"https:\/\/www.fotocasa.es\/fotocasa-life\/?p=91859"},"modified":"2025-07-01T08:19:02","modified_gmt":"2025-07-01T06:19:02","slug":"ley-alquiler-temporal-y-habitaciones","status":"publish","type":"post","link":"https:\/\/www.fotocasa.es\/fotocasa-life\/alquiler\/ley-alquiler-temporal-y-habitaciones\/","title":{"rendered":"Desde el 1 de julio se activa la Ventanilla \u00danica para alquileres temporales"},"content":{"rendered":"<p>La Ventanilla \u00danica Digital de Arrendamientos, activa desde el 1 de julio de 2025,<strong>\u00a0regula la recogida y el intercambio de datos de los <a href=\"https:\/\/www.fotocasa.es\/fotocasa-life\/alquilar-piso\/los-contratos-de-alquiler-temporal-se-estabilizan\/\">alquileres de corta duraci\u00f3n<\/a> <\/strong>y tambi\u00e9n un c\u00f3digo de registro \u00fanico por cada vivienda en alquiler temporal.<\/p>\n<p>Pero \u00bfen qu\u00e9 consiste exactamente este nuevo procedimiento de registro de los alquileres y a qu\u00e9 tipo de contratos afecta? Desde Fotocasa, analizamos los <strong>puntos clave de la nueva ley que regula el alquiler temporal<\/strong> para aclarar c\u00f3mo te afectar\u00e1 como inquilino o propietario de vivienda.<\/p>\n<section class=\"mini-posts\"><div class=\"row align-items-center\"><div class=\"col-4 col-md-3 pt-2 pb-2\"><div class=\"mini-posts__image\"><a href=\"https:\/\/www.fotocasa.es\/fotocasa-life\/alquiler\/se-puede-actualizar-el-precio-del-alquiler-en-alquileres-temporales\/\"><img decoding=\"async\" src=\"https:\/\/www.fotocasa.es\/fotocasa-life\/wp-content\/uploads\/2024\/12\/Se-puede-actualizar-el-precio-del-alquiler-en-alquileres-temporales-355x230.jpg\" alt=\"\u00bfSe puede actualizar el precio del alquiler en alquileres temporales?\" title=\"-\"><\/a><\/div><\/div><div class=\"col-8 col-md-9 pt-2 pb-2\"><h3 class=\"mini-posts__title\"><a href=\"https:\/\/www.fotocasa.es\/fotocasa-life\/alquiler\/se-puede-actualizar-el-precio-del-alquiler-en-alquileres-temporales\/\">\u00bfSe puede actualizar el precio del alquiler en alquileres temporales?<\/a><\/h3><\/div><\/div><\/section>\n<h2>\u00bfCu\u00e1ndo entra en vigor la regulaci\u00f3n de alquileres de corta duraci\u00f3n?<\/h2>\n<p>De acuerdo el <strong><a href=\"https:\/\/www.mivau.gob.es\/el-ministerio\/sala-de-prensa\/noticias\/lun-02062025-1207\" target=\"_blank\" rel=\"nofollow noopener\">Ministerio de Vivienda<\/a><\/strong>, <strong>desde el 1 de julio de 2025 empieza a funcionar en Espa\u00f1a la normativa europea para la regulaci\u00f3n de los alquileres de corta duraci\u00f3n<\/strong>.<\/p>\n<p>\u00abCon esta medida, el Gobierno de Espa\u00f1a, y por extensi\u00f3n la Uni\u00f3n Europea, abordan el complejo escenario derivado de la situaci\u00f3n de la vivienda estableciendo mecanismos de ordenaci\u00f3n que <strong>frenen los casos de fraude y consoliden un mercado transparente<\/strong>; mecanismos que, en consecuencia, facilitar\u00e1n que la ciudadan\u00eda pueda acceder a una vivienda digna\u00bb.<\/p>\n<h2>\u00bfPara qu\u00e9 sirve el Registro \u00danico de Alquileres temporales?<\/h2>\n<p>El objetivo principal del Registro \u00danico de Alquileres es <strong>crear una base de datos nacional para los alquileres que no sean de vivienda habitual con el fin de garantizar el cumplimiento de las condiciones y garant\u00edas de este tipo de alquileres.<\/strong><\/p>\n<p>Para ello, se ha creado la Ventanilla \u00danica Digital de Arrendamientos, estableci\u00e9ndose un n\u00famero de registro \u00fanico para cada <strong>vivienda de alquiler temporal<\/strong>.<\/p>\n","protected":false},"excerpt":{"rendered":"<p>Se activan los efectos de la norma para acabar con el fraude en alquileres tur\u00edsticos: sin registro ser\u00e1 ilegal alquilar<\/p>\n","protected":false},"author":3,"featured_media":91862,"comment_status":"open","ping_status":"closed","sticky":false,"template":"","format":"standard","meta":{"_lmt_disableupdate":"yes","_lmt_disable":"","footnotes":""},"categories":[2],"tags":[4489,4212,10332,11853,11854],"class_list":["post-91859","post","type-post","status-publish","format-standard","has-post-thumbnail","hentry","category-alquiler","tag-alquilar","tag-alquilar-piso","tag-alquiler-temporal","tag-ley-alquiler","tag-ley-alquiler-temporal"],"modified_by":null,"_links":{"self":[{"href":"https:\/\/www.fotocasa.es\/fotocasa-life\/wp-json\/wp\/v2\/posts\/91859","targetHints":{"allow":["GET"]}}],"collection":[{"href":"https:\/\/www.fotocasa.es\/fotocasa-life\/wp-json\/wp\/v2\/posts"}],"about":[{"href":"https:\/\/www.fotocasa.es\/fotocasa-life\/wp-json\/wp\/v2\/types\/post"}],"author":[{"embeddable":true,"href":"https:\/\/www.fotocasa.es\/fotocasa-life\/wp-json\/wp\/v2\/users\/3"}],"replies":[{"embeddable":true,"href":"https:\/\/www.fotocasa.es\/fotocasa-life\/wp-json\/wp\/v2\/comments?post=91859"}],"version-history":[{"count":0,"href":"https:\/\/www.fotocasa.es\/fotocasa-life\/wp-json\/wp\/v2\/posts\/91859\/revisions"}],"wp:featuredmedia":[{"embeddable":true,"href":"https:\/\/www.fotocasa.es\/fotocasa-life\/wp-json\/wp\/v2\/media\/91862"}],"wp:attachment":[{"href":"https:\/\/www.fotocasa.es\/fotocasa-life\/wp-json\/wp\/v2\/media?parent=91859"}],"wp:term":[{"taxonomy":"category","embeddable":true,"href":"https:\/\/www.fotocasa.es\/fotocasa-life\/wp-json\/wp\/v2\/categories?post=91859"},{"taxonomy":"post_tag","embeddable":true,"href":"https:\/\/www.fotocasa.es\/fotocasa-life\/wp-json\/wp\/v2\/tags?post=91859"}],"curies":[{"name":"wp","href":"https:\/\/api.w.org\/{rel}","templated":true}]}}