{"id":91711,"date":"2024-09-26T08:33:41","date_gmt":"2024-09-26T06:33:41","guid":{"rendered":"https:\/\/www.fotocasa.es\/fotocasa-life\/?p=91711"},"modified":"2024-09-25T15:41:10","modified_gmt":"2024-09-25T13:41:10","slug":"consigue-1-ano-de-gimnasio-synergym-gratis-si-alquilas-tu-piso-con-fotocasa","status":"publish","type":"post","link":"https:\/\/www.fotocasa.es\/fotocasa-life\/fotocasa\/consigue-1-ano-de-gimnasio-synergym-gratis-si-alquilas-tu-piso-con-fotocasa\/","title":{"rendered":"Consigue 1 a\u00f1o de gimnasio Synergym gratis si alquilas tu piso con Fotocasa"},"content":{"rendered":"<p><span style=\"font-weight: 400;\">Pisos con GYM es una iniciativa de Synergym y Fotocasa por la que se incluir\u00e1<\/span><b> un a\u00f1o de gimnasio Synergym gratuito incluido en el <a href=\"https:\/\/www.fotocasa.es\/fotocasa-life\/quiero-alquilar-un-piso\/\">alquiler de tu piso <\/a><\/b><span style=\"font-weight: 400;\">si la vivienda la alquilas a trav\u00e9s de Fotocasa. Se entregar\u00e1n 100 cuotas anuales gratuitas del gimnasio y que durar\u00e1 <strong>desde la firma del contrato y los pr\u00f3ximos 12 meses<\/strong> y, adem\u00e1s, si compartes piso podr\u00e1n incluirse en la promoci\u00f3n hasta 4 inquilinos por vivienda. Te contamos c\u00f3mo participar. <\/span><\/p>\n","protected":false},"excerpt":{"rendered":"<p>Pisos Con GYM es una iniciativa de Synergym y Fotocasa para incluir la cuota de tu gimnasio gratis si alquilas una vivienda<\/p>\n","protected":false},"author":3,"featured_media":91712,"comment_status":"open","ping_status":"closed","sticky":false,"template":"","format":"standard","meta":{"_lmt_disableupdate":"yes","_lmt_disable":"","footnotes":""},"categories":[1050],"tags":[4212,11833,11832],"class_list":["post-91711","post","type-post","status-publish","format-standard","has-post-thumbnail","hentry","category-fotocasa","tag-alquilar-piso","tag-alquiler-con-gimnasio","tag-gimnasio-gratis"],"modified_by":"Agustina Battioli","_links":{"self":[{"href":"https:\/\/www.fotocasa.es\/fotocasa-life\/wp-json\/wp\/v2\/posts\/91711","targetHints":{"allow":["GET"]}}],"collection":[{"href":"https:\/\/www.fotocasa.es\/fotocasa-life\/wp-json\/wp\/v2\/posts"}],"about":[{"href":"https:\/\/www.fotocasa.es\/fotocasa-life\/wp-json\/wp\/v2\/types\/post"}],"author":[{"embeddable":true,"href":"https:\/\/www.fotocasa.es\/fotocasa-life\/wp-json\/wp\/v2\/users\/3"}],"replies":[{"embeddable":true,"href":"https:\/\/www.fotocasa.es\/fotocasa-life\/wp-json\/wp\/v2\/comments?post=91711"}],"version-history":[{"count":0,"href":"https:\/\/www.fotocasa.es\/fotocasa-life\/wp-json\/wp\/v2\/posts\/91711\/revisions"}],"wp:featuredmedia":[{"embeddable":true,"href":"https:\/\/www.fotocasa.es\/fotocasa-life\/wp-json\/wp\/v2\/media\/91712"}],"wp:attachment":[{"href":"https:\/\/www.fotocasa.es\/fotocasa-life\/wp-json\/wp\/v2\/media?parent=91711"}],"wp:term":[{"taxonomy":"category","embeddable":true,"href":"https:\/\/www.fotocasa.es\/fotocasa-life\/wp-json\/wp\/v2\/categories?post=91711"},{"taxonomy":"post_tag","embeddable":true,"href":"https:\/\/www.fotocasa.es\/fotocasa-life\/wp-json\/wp\/v2\/tags?post=91711"}],"curies":[{"name":"wp","href":"https:\/\/api.w.org\/{rel}","templated":true}]}}