{"id":90755,"date":"2024-07-22T07:50:01","date_gmt":"2024-07-22T05:50:01","guid":{"rendered":"https:\/\/www.fotocasa.es\/fotocasa-life\/?p=90755"},"modified":"2024-07-22T07:50:01","modified_gmt":"2024-07-22T05:50:01","slug":"alquilar-una-vivienda-en-espana-ya-cuesta-mas-de-1-000-e-al-mes-de-media","status":"publish","type":"post","link":"https:\/\/www.fotocasa.es\/fotocasa-life\/alquiler\/alquilar-una-vivienda-en-espana-ya-cuesta-mas-de-1-000-e-al-mes-de-media\/","title":{"rendered":"Alquilar una vivienda en Espa\u00f1a ya cuesta m\u00e1s de 1.000 \u20ac al mes de media"},"content":{"rendered":"<p>El <strong><a href=\"https:\/\/www.fotocasa.es\/fotocasa-life\/alquiler\/conoce-el-precio-de-la-vivienda-en-alquiler-en-tu-zona\/\">precio del alquiler<\/a><\/strong> vuelve a marcar un nuevo m\u00e1ximo en el mes de junio y se sit\u00faa en los 12,65 \u20ac\/m2. Esto quiere decir que, de media, <b>una vivienda en alquiler en Espa\u00f1a de 80 metros cuadrados cuesta 1.012 euros al mes<\/b>, seg\u00fan los \u00faltimos datos del \u00cdndice Inmobiliario de Fotocasa.<\/p>\n<p><span data-sheets-formula-bar-text-style=\"font-size:15px;color:#000000;font-weight:normal;text-decoration:none;font-family:'docs-Open Sans';font-style:normal;text-decoration-skip-ink:none;\"><section class=\"mini-posts\"><div class=\"row align-items-center\"><div class=\"col-4 col-md-3 pt-2 pb-2\"><div class=\"mini-posts__image\"><a href=\"https:\/\/www.fotocasa.es\/fotocasa-life\/alquiler\/conoce-el-precio-de-la-vivienda-en-alquiler-en-tu-zona\/\"><img decoding=\"async\" src=\"https:\/\/www.fotocasa.es\/fotocasa-life\/wp-content\/uploads\/2020\/01\/precio-alquiler-espana-355x230.png\" alt=\"\u00bfCu\u00e1nto cuesta alquilar un piso en Espa\u00f1a?\" title=\"-\"><\/a><\/div><\/div><div class=\"col-8 col-md-9 pt-2 pb-2\"><h3 class=\"mini-posts__title\"><a href=\"https:\/\/www.fotocasa.es\/fotocasa-life\/alquiler\/conoce-el-precio-de-la-vivienda-en-alquiler-en-tu-zona\/\">\u00bfCu\u00e1nto cuesta alquilar un piso en Espa\u00f1a?<\/a><\/h3><\/div><\/div><\/section><\/span><\/p>\n<h2>Se tiene que destinar casi la mitad del salario al pago del alquiler de una vivienda en Espa\u00f1a<\/h2>\n<p>\u201c<strong>Por primera vez en la historia, el precio del alquiler ya sobrepasa la barrera t\u00e1cita de los mil euros mensuales<\/strong>. Tras dos a\u00f1os continuados de incrementos muy significativos y haber presentado la aceleraci\u00f3n m\u00e1s brusca de su historia, el precio del arrendamiento est\u00e1 m\u00e1s alto que nunca. La raz\u00f3n principal es la <strong>contracci\u00f3n de oferta disponible que ha sufrido en los \u00faltimos ejercicios, de alrededor del 30% y la intensa demanda<\/strong> que aumenta al ser la principal v\u00eda soluci\u00f3n habitacional para acceder a la vivienda. Esto significa que un inquilino nunca hab\u00eda tenido que hacer frente a un precio tan alto por arrendar una vivienda. <strong>Si tenemos en cuenta que <a href=\"https:\/\/www.fotocasa.es\/fotocasa-life\/alquiler\/los-espanoles-destinaron-casi-la-mitad-de-su-salario-al-pago-del-alquiler-en-2023\/\">el salario medio en Espa\u00f1a ronda los 2.099 euros, el esfuerzo salarial para pagar el alquiler ser\u00eda de casi la mitad<\/a> (el 48%)<\/strong>. Una cifra muy alejada de lo recomendado por los organismos de control oficiales. Adem\u00e1s, si<strong> quienes m\u00e1s interact\u00faan con el alquiler son los j\u00f3venes y sabemos que el salario medio de este colectivo es de 1.638 euros, el esfuerzo aumentar\u00eda hasta el 61%<\/strong>\u201d, comenta Mar\u00eda Matos, directora de Estudios y portavoz de Fotocasa.<\/p>\n","protected":false},"excerpt":{"rendered":"<p>En seis comunidades aut\u00f3nomas ya se superan los 1.000 euros de media con Madrid, Baleares y Catalu\u00f1a a la cabeza<\/p>\n","protected":false},"author":182,"featured_media":90756,"comment_status":"open","ping_status":"closed","sticky":false,"template":"","format":"standard","meta":{"_lmt_disableupdate":"yes","_lmt_disable":"","footnotes":""},"categories":[2],"tags":[11650,7224,10245,8010,11651,10306,846,761,209,5973,8101,11181,9732],"class_list":["post-90755","post","type-post","status-publish","format-standard","has-post-thumbnail","hentry","category-alquiler","tag-alquilar-un-inmueble","tag-alquilar-un-piso","tag-alquilar-un-piso-en-2024","tag-alquilar-una-vivienda","tag-ciudades-mas-caras-para-alquilar","tag-entender-mercado-inmobiliario","tag-indice-inmobiliario-fotocasa","tag-mercado-del-alquiler","tag-precio-del-alquiler","tag-salario-espana","tag-salario-pagar-alquiler","tag-salario-y-pago-del-alquiler","tag-salario-y-precio-vivienda"],"modified_by":"Agustina Battioli","_links":{"self":[{"href":"https:\/\/www.fotocasa.es\/fotocasa-life\/wp-json\/wp\/v2\/posts\/90755","targetHints":{"allow":["GET"]}}],"collection":[{"href":"https:\/\/www.fotocasa.es\/fotocasa-life\/wp-json\/wp\/v2\/posts"}],"about":[{"href":"https:\/\/www.fotocasa.es\/fotocasa-life\/wp-json\/wp\/v2\/types\/post"}],"author":[{"embeddable":true,"href":"https:\/\/www.fotocasa.es\/fotocasa-life\/wp-json\/wp\/v2\/users\/182"}],"replies":[{"embeddable":true,"href":"https:\/\/www.fotocasa.es\/fotocasa-life\/wp-json\/wp\/v2\/comments?post=90755"}],"version-history":[{"count":0,"href":"https:\/\/www.fotocasa.es\/fotocasa-life\/wp-json\/wp\/v2\/posts\/90755\/revisions"}],"wp:featuredmedia":[{"embeddable":true,"href":"https:\/\/www.fotocasa.es\/fotocasa-life\/wp-json\/wp\/v2\/media\/90756"}],"wp:attachment":[{"href":"https:\/\/www.fotocasa.es\/fotocasa-life\/wp-json\/wp\/v2\/media?parent=90755"}],"wp:term":[{"taxonomy":"category","embeddable":true,"href":"https:\/\/www.fotocasa.es\/fotocasa-life\/wp-json\/wp\/v2\/categories?post=90755"},{"taxonomy":"post_tag","embeddable":true,"href":"https:\/\/www.fotocasa.es\/fotocasa-life\/wp-json\/wp\/v2\/tags?post=90755"}],"curies":[{"name":"wp","href":"https:\/\/api.w.org\/{rel}","templated":true}]}}