{"id":90289,"date":"2024-07-02T05:27:06","date_gmt":"2024-07-02T03:27:06","guid":{"rendered":"https:\/\/www.fotocasa.es\/fotocasa-life\/?p=90289"},"modified":"2024-07-02T05:27:06","modified_gmt":"2024-07-02T03:27:06","slug":"10-claves-para-decorar-un-piso-para-ponerlo-en-alquiler","status":"publish","type":"post","link":"https:\/\/www.fotocasa.es\/fotocasa-life\/alquiler\/10-claves-para-decorar-un-piso-para-ponerlo-en-alquiler\/","title":{"rendered":"10 claves para decorar un piso para ponerlo en alquiler"},"content":{"rendered":"<p><strong>\u00bfQuieres conocer las mejores t\u00e9cnicas para decorar tu piso para alquilar?<\/strong> A continuaci\u00f3n, enumeramos 10 claves muy sencillas para atraer posibles inquilinos gracias al poder de la decoraci\u00f3n. Esta forma de transformar los inmuebles en hogares atractivos y funcionales tambi\u00e9n se conoce como <a href=\"https:\/\/www.fotocasa.es\/fotocasa-life\/compraventa\/home-staging-para-vender-o-alquilar-vivienda\/\"><strong>home staging para vender o alquilar una vivienda<\/strong><\/a>. \u00a1Toma nota!<\/p>\n<p><span data-sheets-root=\"1\" data-sheets-value=\"{&quot;1&quot;:2,&quot;2&quot;:&quot;&lt;section class=&quot;mini-posts&quot;&gt;&lt;div class=&quot;row align-items-center&quot;&gt;&lt;div class=&quot;col-4 col-md-3 pt-2 pb-2&quot;&gt;&lt;div class=&quot;mini-posts__image&quot;&gt;&lt;a href=&quot;https:\/\/www.fotocasa.es\/fotocasa-life\/alquiler\/10-claves-para-decorar-un-piso-para-ponerlo-en-alquiler\/&quot;&gt;&lt;img src=&quot;https:\/\/www.fotocasa.es\/fotocasa-life\/wp-content\/uploads\/2024\/06\/decorar-para-alquilar-355x230.jpg&quot; alt=&quot;&quot; \/&gt;&lt;\/a&gt;&lt;\/div&gt;&lt;\/div&gt;&lt;div class=&quot;col-8 col-md-9 pt-2 pb-2&quot;&gt;&lt;h3 class=&quot;mini-posts__title&quot;&gt;&lt;a href=&quot;https:\/\/www.fotocasa.es\/fotocasa-life\/alquiler\/10-claves-para-decorar-un-piso-para-ponerlo-en-alquiler\/&quot;&gt;&lt;\/a&gt;&lt;\/h3&gt;&lt;\/div&gt;&lt;\/div&gt;&lt;\/section&gt;&quot;}\" data-sheets-userformat=\"{&quot;2&quot;:33569281,&quot;3&quot;:{&quot;1&quot;:0},&quot;12&quot;:0,&quot;14&quot;:{&quot;1&quot;:2,&quot;2&quot;:0},&quot;15&quot;:&quot;\\&quot;Open Sans\\&quot;, sans-serif&quot;,&quot;16&quot;:11,&quot;28&quot;:1}\"><section class=\"mini-posts\"><div class=\"row align-items-center\"><div class=\"col-4 col-md-3 pt-2 pb-2\"><div class=\"mini-posts__image\"><a href=\"https:\/\/www.fotocasa.es\/fotocasa-life\/ebook-gratis\/ebook-guia-practica-si-vas-a-poner-tu-vivienda-en-alquiler\/\"><img decoding=\"async\" src=\"https:\/\/www.fotocasa.es\/fotocasa-life\/wp-content\/uploads\/2023\/10\/Imprescindibles-que-debes-conocer-antes-de-poner-tu-vivienda-en-alquiler-355x230.jpg\" alt=\"Ebook - Gu\u00eda pr\u00e1ctica si vas a poner tu vivienda en alquiler\" title=\"-\"><\/a><\/div><\/div><div class=\"col-8 col-md-9 pt-2 pb-2\"><h3 class=\"mini-posts__title\"><a href=\"https:\/\/www.fotocasa.es\/fotocasa-life\/ebook-gratis\/ebook-guia-practica-si-vas-a-poner-tu-vivienda-en-alquiler\/\">Ebook - Gu\u00eda pr\u00e1ctica si vas a poner tu vivienda en alquiler<\/a><\/h3><\/div><\/div><\/section><\/span><\/p>\n<h2>10 t\u00e9cnicas f\u00e1ciles para decorar un piso para alquilar<\/h2>\n<p>Si quieres marcar la diferencia en los portales inmobiliarios y hacer que tu vivienda sea la m\u00e1s interesante del listado de pisos en alquiler de tu zona, sigue estos <strong>consejos f\u00e1ciles y econ\u00f3micos<\/strong>:<\/p>\n<h3>1. Hacer que tu piso de alquiler entre por los ojos desde la entrada<\/h3>\n<p>Para cuando vayas a realizar las visitas en el inmueble, es s\u00faper importante que<strong> desde la entrada los potenciales inquilinos ya lo sientan como acogedor<\/strong>. El \u00e1rea debe estar perfectamente limpia y ordenada y la decoraci\u00f3n no debe ser exagerada, si no m\u00e1s bien minimalista: un felpudo nuevo, un perchero sencillo y alguna planta para crear calidez.<\/p>\n<p>Recuerda que un <a href=\"https:\/\/www.fotocasa.es\/fotocasa-life\/hogar\/decoracion\/10-trucos-para-decorar-la-entrada-de-casa-con-buen-gusto\/\"><strong>recibidor bien decorado<\/strong><\/a> no es sin\u00f3nimo de recargado. La <strong>primera regla en la decoraci\u00f3n de pisos para alquilar es crear ambientes despersonalizados<\/strong> para que los inquilinos puedan imaginarse viviendo all\u00ed.<\/p>\n","protected":false},"excerpt":{"rendered":"<p>Paredes claras, mobiliario moderno pero econ\u00f3mico y una decoraci\u00f3n minimalista: las 10 claves para decorar tu piso y ponerlo en alquiler<\/p>\n","protected":false},"author":152,"featured_media":90294,"comment_status":"open","ping_status":"closed","sticky":false,"template":"","format":"standard","meta":{"_lmt_disableupdate":"yes","_lmt_disable":"","footnotes":""},"categories":[2],"tags":[7014,4382,11525,11526],"class_list":["post-90289","post","type-post","status-publish","format-standard","has-post-thumbnail","hentry","category-alquiler","tag-alquilar-barato","tag-alquilar-vivienda","tag-decoracion-alquiler","tag-decorar-para-alquilar"],"modified_by":null,"_links":{"self":[{"href":"https:\/\/www.fotocasa.es\/fotocasa-life\/wp-json\/wp\/v2\/posts\/90289","targetHints":{"allow":["GET"]}}],"collection":[{"href":"https:\/\/www.fotocasa.es\/fotocasa-life\/wp-json\/wp\/v2\/posts"}],"about":[{"href":"https:\/\/www.fotocasa.es\/fotocasa-life\/wp-json\/wp\/v2\/types\/post"}],"author":[{"embeddable":true,"href":"https:\/\/www.fotocasa.es\/fotocasa-life\/wp-json\/wp\/v2\/users\/152"}],"replies":[{"embeddable":true,"href":"https:\/\/www.fotocasa.es\/fotocasa-life\/wp-json\/wp\/v2\/comments?post=90289"}],"version-history":[{"count":0,"href":"https:\/\/www.fotocasa.es\/fotocasa-life\/wp-json\/wp\/v2\/posts\/90289\/revisions"}],"wp:featuredmedia":[{"embeddable":true,"href":"https:\/\/www.fotocasa.es\/fotocasa-life\/wp-json\/wp\/v2\/media\/90294"}],"wp:attachment":[{"href":"https:\/\/www.fotocasa.es\/fotocasa-life\/wp-json\/wp\/v2\/media?parent=90289"}],"wp:term":[{"taxonomy":"category","embeddable":true,"href":"https:\/\/www.fotocasa.es\/fotocasa-life\/wp-json\/wp\/v2\/categories?post=90289"},{"taxonomy":"post_tag","embeddable":true,"href":"https:\/\/www.fotocasa.es\/fotocasa-life\/wp-json\/wp\/v2\/tags?post=90289"}],"curies":[{"name":"wp","href":"https:\/\/api.w.org\/{rel}","templated":true}]}}