{"id":8981,"date":"2015-11-19T12:30:05","date_gmt":"2015-11-19T11:30:05","guid":{"rendered":"https:\/\/www.fotocasa.es\/fotocasa-life\/?p=8981"},"modified":"2020-11-27T11:28:45","modified_gmt":"2020-11-27T10:28:45","slug":"los-desperfectos-hogar-se-acumulan","status":"publish","type":"post","link":"https:\/\/www.fotocasa.es\/fotocasa-life\/hogar\/reformas\/los-desperfectos-hogar-se-acumulan\/","title":{"rendered":"Los desperfectos en el hogar se acumulan \u00bfpor qu\u00e9?"},"content":{"rendered":"<p>La <a href=\"https:\/\/www.fotocasa.es\/fotocasa-life\/hogar\/reformas\/el-40-de-los-espanoles-gasta-mas-de-6-000-e-en-reformar-su-vivienda-infografia\/\"><strong>mitad de los espa\u00f1oles acumulan desperfectos en la vivienda<\/strong><\/a> por no afrontar la reparaci\u00f3n y <strong>un 40%<\/strong> de ellos ha llegado a <strong>convivir con esos problemas entre seis meses y un a\u00f1o<\/strong>, seg\u00fan Reparalia.<\/p>\n<p>El 46% de los hogares necesita <strong>una mano de pintura<\/strong>, el 29% tiene <strong>desag\u00fces atascados<\/strong> o tuber\u00edas lentas, el 26% requiere revisar las <strong>persianas<\/strong>, al 25% le funciona mal alg\u00fan <strong>electrodom\u00e9stico<\/strong> y el 25% necesita <strong>revisar enchufes<\/strong> y el <strong>sistema el\u00e9ctrico<\/strong>.<\/p>\n<p>&nbsp;<\/p>\n<p><strong>Pero \u00bfqu\u00e9 es lo que m\u00e1s pereza da?<\/strong><\/p>\n<p>A la hora de enfrentarse a las reparaciones, lo que m\u00e1s pereza da es el <strong><a href=\"https:\/\/www.fotocasa.es\/fotocasa-life\/hogar\/reformas\/el-56-de-los-que-han-hecho-reformas-en-su-vivienda-se-ha-gastado-mas-de-6000-euros\/\">gasto que suponen<\/a><\/strong> (seg\u00fan el 67% de los encuestados), seguido de las <strong>gestiones<\/strong> (18%) y del <strong>tiempo que se pierde en el proceso<\/strong> (15%).<\/p>\n<p>La fontaner\u00eda, la electricidad y el gas son los asuntos del hogar que m\u00e1s preocupan a los propietarios de las viviendas. Y es que adem\u00e1s del peligro que puede conllevar una aver\u00eda de electricidad o gas, son las \u00e1reas que m\u00e1s problemas originan.<\/p>\n<p>&nbsp;<\/p>\n<p><strong>La lavadora, el principal incoveniente<\/strong><\/p>\n<p><img loading=\"lazy\" decoding=\"async\" class=\"aligncenter size-full wp-image-8989\" src=\"https:\/\/www.fotocasa.es\/fotocasa-life\/wp-content\/uploads\/2015\/11\/wash-268090_640.jpg\" alt=\"lavadora\" width=\"640\" height=\"426\" title=\"-\" srcset=\"https:\/\/www.fotocasa.es\/fotocasa-life\/wp-content\/uploads\/2015\/11\/wash-268090_640.jpg 640w, https:\/\/www.fotocasa.es\/fotocasa-life\/wp-content\/uploads\/2015\/11\/wash-268090_640-300x200.jpg 300w, https:\/\/www.fotocasa.es\/fotocasa-life\/wp-content\/uploads\/2015\/11\/wash-268090_640-150x100.jpg 150w\" sizes=\"auto, (max-width: 640px) 100vw, 640px\" \/><\/p>\n<p>Tambi\u00e9n es alto el porcentaje de incidencias ocasionadas a consecuencia de los fallos de los electrodom\u00e9sticos, que se sit\u00faan en el tercer lugar del ranking, donde la <strong>lavadora<\/strong> se consolida como el principal inconveniente (37%), seguida del <strong>frigor\u00edfico<\/strong> (23%), el <strong>lavavajillas<\/strong> (22%) y el <strong>horno<\/strong> (21%). A la lista se suma el microondas (18%), la campana de extracci\u00f3n (14%), la vitrocer\u00e1mica (6%) y la secadora (5%).<\/p>\n","protected":false},"excerpt":{"rendered":"<p>La mitad de los espa\u00f1oles acumulan desperfectos en la vivienda por no afrontar la reparaci\u00f3n y un 40% de ellos ha llegado a convivir con esos problemas entre seis meses y un a\u00f1o, seg\u00fan Reparalia. El 46% de los hogares necesita una mano de pintura, el 29% tiene desag\u00fces atascados o tuber\u00edas lentas, el 26%&#8230;<\/p>\n","protected":false},"author":3,"featured_media":8995,"comment_status":"open","ping_status":"open","sticky":false,"template":"","format":"standard","meta":{"_lmt_disableupdate":"yes","_lmt_disable":"","footnotes":""},"categories":[7],"tags":[173,1233,1863,1992],"class_list":["post-8981","post","type-post","status-publish","format-standard","has-post-thumbnail","hentry","category-reformas","tag-materiales","tag-proyecto-reforma","tag-reformas","tag-reparaciones"],"modified_by":"Albert PC","_links":{"self":[{"href":"https:\/\/www.fotocasa.es\/fotocasa-life\/wp-json\/wp\/v2\/posts\/8981","targetHints":{"allow":["GET"]}}],"collection":[{"href":"https:\/\/www.fotocasa.es\/fotocasa-life\/wp-json\/wp\/v2\/posts"}],"about":[{"href":"https:\/\/www.fotocasa.es\/fotocasa-life\/wp-json\/wp\/v2\/types\/post"}],"author":[{"embeddable":true,"href":"https:\/\/www.fotocasa.es\/fotocasa-life\/wp-json\/wp\/v2\/users\/3"}],"replies":[{"embeddable":true,"href":"https:\/\/www.fotocasa.es\/fotocasa-life\/wp-json\/wp\/v2\/comments?post=8981"}],"version-history":[{"count":0,"href":"https:\/\/www.fotocasa.es\/fotocasa-life\/wp-json\/wp\/v2\/posts\/8981\/revisions"}],"wp:featuredmedia":[{"embeddable":true,"href":"https:\/\/www.fotocasa.es\/fotocasa-life\/wp-json\/wp\/v2\/media\/8995"}],"wp:attachment":[{"href":"https:\/\/www.fotocasa.es\/fotocasa-life\/wp-json\/wp\/v2\/media?parent=8981"}],"wp:term":[{"taxonomy":"category","embeddable":true,"href":"https:\/\/www.fotocasa.es\/fotocasa-life\/wp-json\/wp\/v2\/categories?post=8981"},{"taxonomy":"post_tag","embeddable":true,"href":"https:\/\/www.fotocasa.es\/fotocasa-life\/wp-json\/wp\/v2\/tags?post=8981"}],"curies":[{"name":"wp","href":"https:\/\/api.w.org\/{rel}","templated":true}]}}