{"id":89783,"date":"2024-06-04T05:30:15","date_gmt":"2024-06-04T03:30:15","guid":{"rendered":"https:\/\/www.fotocasa.es\/fotocasa-life\/?p=89783"},"modified":"2024-06-04T05:30:15","modified_gmt":"2024-06-04T03:30:15","slug":"cuanto-cuesta-tener-el-aire-acondicionado-encendido-cada-dia","status":"publish","type":"post","link":"https:\/\/www.fotocasa.es\/fotocasa-life\/suministros\/cuanto-cuesta-tener-el-aire-acondicionado-encendido-cada-dia\/","title":{"rendered":"Cu\u00e1nto cuesta tener el aire acondicionado encendido cada d\u00eda"},"content":{"rendered":"<p>Quedan pocos d\u00edas para la llegada oficial del verano pero hace ya algunas semanas que las temperaturas han alcanzado m\u00e1ximos en varias localidades de nuestra geograf\u00eda, por lo que <b>en muchos hogares ya se han empezado a <\/b><a href=\"https:\/\/www.fotocasa.es\/fotocasa-life\/hogar\/reformas\/cuanto-cuesta-instalar-un-aire-acondicionado-en-casa\/\"><b>encender los aparatos de aires acondicionado<\/b><\/a>.<\/p>\n<p>Si el tuyo es uno de ellos, o bien tienes pensado encenderlo en las pr\u00f3ximas semanas y te preocupa su consumo te recomendamos que te quedes a leer este art\u00edculo de Fotocasa. En \u00e9l analizaremos <b>cu\u00e1nto cuesta tener el aire acondicionado encendido cada d\u00eda y qu\u00e9 aspectos influyen en el consumo<\/b>. \u00a1Presta mucha atenci\u00f3n!<\/p>\n<section class=\"mini-posts\"><div class=\"row align-items-center\"><div class=\"col-4 col-md-3 pt-2 pb-2\"><div class=\"mini-posts__image\"><a href=\"https:\/\/www.fotocasa.es\/fotocasa-life\/calculadora\/calculadora-de-consumo-electrico-de-electrodomesticos\/\"><img decoding=\"async\" src=\"https:\/\/www.fotocasa.es\/fotocasa-life\/wp-content\/uploads\/2026\/01\/Calculadora-consumo-electrodomesticos-355x230.jpg\" alt=\"Calculadora de consumo el\u00e9ctrico de electrodom\u00e9sticos\" title=\"-\"><\/a><\/div><\/div><div class=\"col-8 col-md-9 pt-2 pb-2\"><h3 class=\"mini-posts__title\"><a href=\"https:\/\/www.fotocasa.es\/fotocasa-life\/calculadora\/calculadora-de-consumo-electrico-de-electrodomesticos\/\">Calculadora de consumo el\u00e9ctrico de electrodom\u00e9sticos<\/a><\/h3><\/div><\/div><\/section>\n<h2><b>\u00bfCu\u00e1nta energ\u00eda consume el aire acondicionado?<\/b><\/h2>\n<p>La energ\u00eda que consume un aparato de aire acondicionado depender\u00e1 de varios factores, como la <b>cantidad de horas que lo tengamos encendido y las horas en s\u00ed, debido a <\/b><a href=\"https:\/\/www.fotocasa.es\/fotocasa-life\/servicios-del-hogar\/como-me-afectaran-los-nuevos-tramos-horarios-en-la-factura-de-la-luz-aprobados-por-el-gobierno\/\"><b>los tramos horarios en la factura de la luz aprobados por el Gobierno<\/b><\/a>; la tarifa de luz contratada; el tama\u00f1o y las condiciones de la vivienda (como por ejemplo si dispone de un buen aislamiento t\u00e9rmico); el tipo de clima de nuestra localidad; y la eficiencia del aparato en s\u00ed, entre otros.<\/p>\n","protected":false},"excerpt":{"rendered":"<p>Desde Fotocasa analizamos el coste de estos aparatos y qu\u00e9 aspectos influyen en el consumo<\/p>\n","protected":false},"author":3,"featured_media":89784,"comment_status":"open","ping_status":"closed","sticky":false,"template":"","format":"standard","meta":{"_lmt_disableupdate":"yes","_lmt_disable":"","footnotes":""},"categories":[5168],"tags":[9085,1825,9084,8287,11287,9223,7973,11322,11321,1450,437,5959,4692,11323],"class_list":["post-89783","post","type-post","status-publish","format-standard","has-post-thumbnail","hentry","category-suministros","tag-ahorrar-en-la-factura-de-la-luz","tag-aire-acondicionado","tag-aire-acondicionado-domotica","tag-aparatos-aire-acondicionado","tag-calcular-potencia-electrica","tag-calcular-potencia-electrodomesticos","tag-consumo-eficiente","tag-coste-aire-acondicionado","tag-cuanto-consume-el-aire-acondicionado","tag-eficiencia-energetica","tag-factura-de-la-luz","tag-instalar-aire-acondicionado","tag-potencia-electrica","tag-potencia-termica"],"modified_by":"Sara","_links":{"self":[{"href":"https:\/\/www.fotocasa.es\/fotocasa-life\/wp-json\/wp\/v2\/posts\/89783","targetHints":{"allow":["GET"]}}],"collection":[{"href":"https:\/\/www.fotocasa.es\/fotocasa-life\/wp-json\/wp\/v2\/posts"}],"about":[{"href":"https:\/\/www.fotocasa.es\/fotocasa-life\/wp-json\/wp\/v2\/types\/post"}],"author":[{"embeddable":true,"href":"https:\/\/www.fotocasa.es\/fotocasa-life\/wp-json\/wp\/v2\/users\/3"}],"replies":[{"embeddable":true,"href":"https:\/\/www.fotocasa.es\/fotocasa-life\/wp-json\/wp\/v2\/comments?post=89783"}],"version-history":[{"count":0,"href":"https:\/\/www.fotocasa.es\/fotocasa-life\/wp-json\/wp\/v2\/posts\/89783\/revisions"}],"wp:featuredmedia":[{"embeddable":true,"href":"https:\/\/www.fotocasa.es\/fotocasa-life\/wp-json\/wp\/v2\/media\/89784"}],"wp:attachment":[{"href":"https:\/\/www.fotocasa.es\/fotocasa-life\/wp-json\/wp\/v2\/media?parent=89783"}],"wp:term":[{"taxonomy":"category","embeddable":true,"href":"https:\/\/www.fotocasa.es\/fotocasa-life\/wp-json\/wp\/v2\/categories?post=89783"},{"taxonomy":"post_tag","embeddable":true,"href":"https:\/\/www.fotocasa.es\/fotocasa-life\/wp-json\/wp\/v2\/tags?post=89783"}],"curies":[{"name":"wp","href":"https:\/\/api.w.org\/{rel}","templated":true}]}}