{"id":89733,"date":"2024-05-24T07:50:06","date_gmt":"2024-05-24T05:50:06","guid":{"rendered":"https:\/\/www.fotocasa.es\/fotocasa-life\/?p=89733"},"modified":"2024-05-24T07:50:06","modified_gmt":"2024-05-24T05:50:06","slug":"la-ley-de-vivienda-hara-que-casi-3-de-cada-10-propietarios-retiren-su-vivienda-del-alquiler-residencial","status":"publish","type":"post","link":"https:\/\/www.fotocasa.es\/fotocasa-life\/alquiler\/la-ley-de-vivienda-hara-que-casi-3-de-cada-10-propietarios-retiren-su-vivienda-del-alquiler-residencial\/","title":{"rendered":"La ley de vivienda har\u00e1 que casi 3 de cada 10 propietarios retiren su vivienda del alquiler residencial"},"content":{"rendered":"<p><strong>Cuando se cumple un a\u00f1o de la entrada en vigor de la <a href=\"https:\/\/www.fotocasa.es\/fotocasa-life\/general\/nueva-ley-de-vivienda\/\">ley por el Derecho a la Vivienda<\/a><\/strong>, <b>propietarios e inquilinos valoran negativamente la norma asegurando que complicar\u00e1 el proceso del alquiler<\/b>. Esta es una de las principales conclusiones de la encuesta elaborada por Fotocasa Research a partir de m\u00e1s de 8.000 entrevistas a personas activas en el sector inmobiliario durante el \u00faltimo a\u00f1o.<\/p>\n<p><span data-sheets-formula-bar-text-style=\"font-size:15px;color:#000000;font-weight:normal;text-decoration:none;font-family:'docs-Open Sans';font-style:normal;text-decoration-skip-ink:none;\"><section class=\"mini-posts\"><div class=\"row align-items-center\"><div class=\"col-4 col-md-3 pt-2 pb-2\"><div class=\"mini-posts__image\"><a href=\"https:\/\/www.fotocasa.es\/fotocasa-life\/sector\/nueva-ley-de-vivienda\/\"><img decoding=\"async\" src=\"https:\/\/www.fotocasa.es\/fotocasa-life\/wp-content\/uploads\/2021\/09\/nueva-ley-de-vivienda-2021-355x230.jpg\" alt=\"Nueva ley de vivienda : c\u00f3mo afectar\u00e1 a los ciudadanos\" title=\"-\"><\/a><\/div><\/div><div class=\"col-8 col-md-9 pt-2 pb-2\"><h3 class=\"mini-posts__title\"><a href=\"https:\/\/www.fotocasa.es\/fotocasa-life\/sector\/nueva-ley-de-vivienda\/\">Nueva ley de vivienda : c\u00f3mo afectar\u00e1 a los ciudadanos<\/a><\/h3><\/div><\/div><\/section><\/span><\/p>\n","protected":false},"excerpt":{"rendered":"<p>El 31% de arrendadores tiene intenci\u00f3n de pasar su vivienda al alquiler temporal, el 24% al tur\u00edstico y el 20% al alquiler de habitaciones <\/p>\n","protected":false},"author":182,"featured_media":89739,"comment_status":"open","ping_status":"closed","sticky":false,"template":"","format":"standard","meta":{"_lmt_disableupdate":"yes","_lmt_disable":"","footnotes":""},"categories":[2],"tags":[9375,10319,10320,11191,9496,8045,1665,11267,4645,10974],"class_list":["post-89733","post","type-post","status-publish","format-standard","has-post-thumbnail","hentry","category-alquiler","tag-alquiler-ley-de-vivienda","tag-conocimiento-ley-vivienda","tag-desconocimiento-ley-vivienda","tag-desequilibrio-oferta-y-demanda-alquiler","tag-falta-oferta-alquiler","tag-indice-actualizacion-alquiler","tag-ley-de-vivienda","tag-ley-derecho-vivienda","tag-nueva-ley-de-vivienda","tag-subir-precio-alquiler-vivienda"],"modified_by":"Sara","_links":{"self":[{"href":"https:\/\/www.fotocasa.es\/fotocasa-life\/wp-json\/wp\/v2\/posts\/89733","targetHints":{"allow":["GET"]}}],"collection":[{"href":"https:\/\/www.fotocasa.es\/fotocasa-life\/wp-json\/wp\/v2\/posts"}],"about":[{"href":"https:\/\/www.fotocasa.es\/fotocasa-life\/wp-json\/wp\/v2\/types\/post"}],"author":[{"embeddable":true,"href":"https:\/\/www.fotocasa.es\/fotocasa-life\/wp-json\/wp\/v2\/users\/182"}],"replies":[{"embeddable":true,"href":"https:\/\/www.fotocasa.es\/fotocasa-life\/wp-json\/wp\/v2\/comments?post=89733"}],"version-history":[{"count":0,"href":"https:\/\/www.fotocasa.es\/fotocasa-life\/wp-json\/wp\/v2\/posts\/89733\/revisions"}],"wp:featuredmedia":[{"embeddable":true,"href":"https:\/\/www.fotocasa.es\/fotocasa-life\/wp-json\/wp\/v2\/media\/89739"}],"wp:attachment":[{"href":"https:\/\/www.fotocasa.es\/fotocasa-life\/wp-json\/wp\/v2\/media?parent=89733"}],"wp:term":[{"taxonomy":"category","embeddable":true,"href":"https:\/\/www.fotocasa.es\/fotocasa-life\/wp-json\/wp\/v2\/categories?post=89733"},{"taxonomy":"post_tag","embeddable":true,"href":"https:\/\/www.fotocasa.es\/fotocasa-life\/wp-json\/wp\/v2\/tags?post=89733"}],"curies":[{"name":"wp","href":"https:\/\/api.w.org\/{rel}","templated":true}]}}