{"id":89476,"date":"2024-05-15T02:30:53","date_gmt":"2024-05-15T00:30:53","guid":{"rendered":"https:\/\/www.fotocasa.es\/fotocasa-life\/?p=89476"},"modified":"2024-05-15T02:30:53","modified_gmt":"2024-05-15T00:30:53","slug":"la-mitad-de-los-padres-y-madres-desearian-poder-ayudar-mas-a-sus-hijos-a-comprar","status":"publish","type":"post","link":"https:\/\/www.fotocasa.es\/fotocasa-life\/compraventa\/la-mitad-de-los-padres-y-madres-desearian-poder-ayudar-mas-a-sus-hijos-a-comprar\/","title":{"rendered":"La mitad de los padres y madres desear\u00edan poder ayudar m\u00e1s a sus hijos a comprar"},"content":{"rendered":"<p><a href=\"https:\/\/www.fotocasa.es\/fotocasa-life\/sector\/los-altos-precios-y-la-subida-de-tipos-alejan-a-los-jovenes-del-mercado-inmobiliario-2\/\"><b>La participaci\u00f3n de los j\u00f3venes en el mercado de la compraventa ha descendido notablemente en el \u00faltimo a\u00f1o<\/b><\/a><b>, debido principalmente a los altos precios de la vivienda y a la subida de los tipos de inter\u00e9s<\/b> por parte del Banco Central Europeo. Y es que el contexto macroecon\u00f3mico actual pasa factura a los grupos m\u00e1s vulnerables, como el de los menores de 35 a\u00f1os.<\/p>\n<p>Ante esta situaci\u00f3n <a href=\"https:\/\/www.fotocasa.es\/fotocasa-life\/sector\/como-los-padres-y-madres-ayudan-a-sus-hijos-a-comprar-o-alquilar-una-vivienda\/\"><b>muchos padres se ven con la necesidad de ayudar a sus hijos a comprar o alquilar una vivienda<\/b><\/a> para que, de esta manera, se puedan independizar. De hecho, seg\u00fan un estudio llevado a cabo por la consultora inglesa de real estate Home Owners Alliance (HOA), <b>a la mitad de los progenitores les gustar\u00eda poder ayudar a sus hijos, pero 1 de cada 4 no pueden hacerlo<\/b>.<\/p>\n","protected":false},"excerpt":{"rendered":"<p>6 de cada 10 padres y madres se preocupa considerablemente ante la posibilidad de que sus hijos no se puedan llegar a convertir en propietarios<\/p>\n","protected":false},"author":3,"featured_media":89477,"comment_status":"open","ping_status":"closed","sticky":false,"template":"","format":"standard","meta":{"_lmt_disableupdate":"yes","_lmt_disable":"","footnotes":""},"categories":[3],"tags":[6535,11164,11162,6799,11166,7200,6088,3153,7031,2289,9788,11165,11161,11163],"class_list":["post-89476","post","type-post","status-publish","format-standard","has-post-thumbnail","hentry","category-compraventa","tag-acceso-jovenes-vivienda","tag-ayudar-a-los-hijos-a-comprar-casa","tag-ayudar-hijos-a-comprar-casa","tag-ayudas-alquiler-jovenes","tag-ayudas-compra-jovenes","tag-ayudas-jovenes-comprar-vivienda","tag-ayudas-vivienda-jovenes","tag-comprar-casa","tag-comprar-piso-jovenes","tag-comprar-vivienda-en-espana","tag-jovenes-y-mercado-vivienda","tag-mercado-vivienda-jovenes","tag-padres-comprar-vivienda","tag-padres-y-madres-ayudan-a-comprar"],"modified_by":"Sara","_links":{"self":[{"href":"https:\/\/www.fotocasa.es\/fotocasa-life\/wp-json\/wp\/v2\/posts\/89476","targetHints":{"allow":["GET"]}}],"collection":[{"href":"https:\/\/www.fotocasa.es\/fotocasa-life\/wp-json\/wp\/v2\/posts"}],"about":[{"href":"https:\/\/www.fotocasa.es\/fotocasa-life\/wp-json\/wp\/v2\/types\/post"}],"author":[{"embeddable":true,"href":"https:\/\/www.fotocasa.es\/fotocasa-life\/wp-json\/wp\/v2\/users\/3"}],"replies":[{"embeddable":true,"href":"https:\/\/www.fotocasa.es\/fotocasa-life\/wp-json\/wp\/v2\/comments?post=89476"}],"version-history":[{"count":0,"href":"https:\/\/www.fotocasa.es\/fotocasa-life\/wp-json\/wp\/v2\/posts\/89476\/revisions"}],"wp:featuredmedia":[{"embeddable":true,"href":"https:\/\/www.fotocasa.es\/fotocasa-life\/wp-json\/wp\/v2\/media\/89477"}],"wp:attachment":[{"href":"https:\/\/www.fotocasa.es\/fotocasa-life\/wp-json\/wp\/v2\/media?parent=89476"}],"wp:term":[{"taxonomy":"category","embeddable":true,"href":"https:\/\/www.fotocasa.es\/fotocasa-life\/wp-json\/wp\/v2\/categories?post=89476"},{"taxonomy":"post_tag","embeddable":true,"href":"https:\/\/www.fotocasa.es\/fotocasa-life\/wp-json\/wp\/v2\/tags?post=89476"}],"curies":[{"name":"wp","href":"https:\/\/api.w.org\/{rel}","templated":true}]}}