{"id":8909,"date":"2015-11-17T14:15:35","date_gmt":"2015-11-17T13:15:35","guid":{"rendered":"https:\/\/www.fotocasa.es\/fotocasa-life\/?p=8909"},"modified":"2020-11-27T11:28:50","modified_gmt":"2020-11-27T10:28:50","slug":"recomendaciones-la-ocu-reducir-la-carga-fiscal-vivienda-e-hipoteca","status":"publish","type":"post","link":"https:\/\/www.fotocasa.es\/fotocasa-life\/hipotecas-finanzas\/recomendaciones-la-ocu-reducir-la-carga-fiscal-vivienda-e-hipoteca\/","title":{"rendered":"Recomendaciones de la OCU para reducir la carga fiscal en vivienda e hipoteca"},"content":{"rendered":"<p>La Organizaci\u00f3n de Consumidores y Usuarios (OCU) apunta algunas recomendaciones que, de ponerse en pr\u00e1ctica, reducen la carga fiscal y benefician a los consumidores. La organizaci\u00f3n recuerda, adem\u00e1s, que el margen de maniobra para influir en la pr\u00f3xima declaraci\u00f3n <strong>termina el pr\u00f3ximo 31 de diciembre<\/strong>.<\/p>\n<p>Si nos centramos en la vivienda y la hipoteca, la OCU recomienda a los <strong>propietarios que quieran transmitir su casa que esperen a cumplir los 65 a\u00f1os<\/strong>, ya que la ganancia obtenida con la venta o la donaci\u00f3n de la vivienda habitual, en la que se ha vivido durante al menos tres a\u00f1os previos, <strong><a href=\"https:\/\/www.fotocasa.es\/fotocasa-life\/compraventa\/plusvalias-cuanto-costara-vender-una-vivienda-tras-la-reforma-fiscal\/\">est\u00e1 libre de impuestos<\/a><\/strong> si el vendedor tiene esa edad.<\/p>\n<p>Adem\u00e1s, recuerda que todos los que hayan <strong>comprado su casa antes del 1 de enero de 2013<\/strong> tienen derecho a deducci\u00f3n por compra de vivienda habitual: se <strong>deduce un 15% de lo pagado<\/strong>, sobre un m\u00e1ximo de 9.400 euros por lo que podr\u00e1n deducirse hasta 1.356 euros por declaraci\u00f3n. \u00abEs importante comprobar las comisiones que los bancos puedan cobrar por amortizar\u00bb, a\u00f1ade la organizaci\u00f3n.<\/p>\n<p>&nbsp;<\/p>\n","protected":false},"excerpt":{"rendered":"<p>La Organizaci\u00f3n de Consumidores y Usuarios (OCU) apunta algunas recomendaciones que, de ponerse en pr\u00e1ctica, reducen la carga fiscal y benefician a los consumidores. La organizaci\u00f3n recuerda, adem\u00e1s, que el margen de maniobra para influir en la pr\u00f3xima declaraci\u00f3n termina el pr\u00f3ximo 31 de diciembre. Si nos centramos en la vivienda y la hipoteca, la&#8230;<\/p>\n","protected":false},"author":3,"featured_media":3607,"comment_status":"open","ping_status":"open","sticky":false,"template":"","format":"standard","meta":{"_lmt_disableupdate":"yes","_lmt_disable":"","footnotes":""},"categories":[6],"tags":[1862,184,1054,447,1444],"class_list":["post-8909","post","type-post","status-publish","format-standard","has-post-thumbnail","hentry","category-hipotecas-finanzas","tag-hipotecas","tag-ocu","tag-rebaja-fiscal","tag-reforma-fiscal","tag-vivienda-habitual"],"modified_by":"Albert PC","_links":{"self":[{"href":"https:\/\/www.fotocasa.es\/fotocasa-life\/wp-json\/wp\/v2\/posts\/8909","targetHints":{"allow":["GET"]}}],"collection":[{"href":"https:\/\/www.fotocasa.es\/fotocasa-life\/wp-json\/wp\/v2\/posts"}],"about":[{"href":"https:\/\/www.fotocasa.es\/fotocasa-life\/wp-json\/wp\/v2\/types\/post"}],"author":[{"embeddable":true,"href":"https:\/\/www.fotocasa.es\/fotocasa-life\/wp-json\/wp\/v2\/users\/3"}],"replies":[{"embeddable":true,"href":"https:\/\/www.fotocasa.es\/fotocasa-life\/wp-json\/wp\/v2\/comments?post=8909"}],"version-history":[{"count":0,"href":"https:\/\/www.fotocasa.es\/fotocasa-life\/wp-json\/wp\/v2\/posts\/8909\/revisions"}],"wp:featuredmedia":[{"embeddable":true,"href":"https:\/\/www.fotocasa.es\/fotocasa-life\/wp-json\/wp\/v2\/media\/3607"}],"wp:attachment":[{"href":"https:\/\/www.fotocasa.es\/fotocasa-life\/wp-json\/wp\/v2\/media?parent=8909"}],"wp:term":[{"taxonomy":"category","embeddable":true,"href":"https:\/\/www.fotocasa.es\/fotocasa-life\/wp-json\/wp\/v2\/categories?post=8909"},{"taxonomy":"post_tag","embeddable":true,"href":"https:\/\/www.fotocasa.es\/fotocasa-life\/wp-json\/wp\/v2\/tags?post=8909"}],"curies":[{"name":"wp","href":"https:\/\/api.w.org\/{rel}","templated":true}]}}