{"id":8804,"date":"2015-11-11T10:10:19","date_gmt":"2015-11-11T08:10:19","guid":{"rendered":"https:\/\/www.fotocasa.es\/fotocasa-life\/?p=8804"},"modified":"2020-11-27T11:28:53","modified_gmt":"2020-11-27T10:28:53","slug":"espana-crecera-un-31-en-2015-y-un-28-en-2016-segun-creditreform","status":"publish","type":"post","link":"https:\/\/www.fotocasa.es\/fotocasa-life\/hipotecas-finanzas\/espana-crecera-un-31-en-2015-y-un-28-en-2016-segun-creditreform\/","title":{"rendered":"Espa\u00f1a crecer\u00e1 un 3,1% en 2015 y un 2,8% en 2016, seg\u00fan Creditreform"},"content":{"rendered":"<p>Espa\u00f1a crecer\u00e1 un 3,1% este a\u00f1o y un 2,8% en 2016, sin que las elecciones de diciembre influyan en estos datos, seg\u00fan los expertos de la agencia de rating Creditreform.<\/p>\n<p>Adem\u00e1s, la tasa de paro disminuir\u00e1 hasta el 20% a corto plazo por las reformas del mercado laboral, as\u00ed que el gran reto de la econom\u00eda ser\u00e1 reducir el elevado <strong><a href=\"https:\/\/www.fotocasa.es\/fotocasa-life\/hipotecas-finanzas\/la-deuda-de-las-familias-cae-en-8-942-millones-en-julio\/\">endeudamiento del sector p\u00fablico<\/a><\/strong> y el privado.<\/p>\n<p>\u00abDespu\u00e9s de cinco a\u00f1os de recesi\u00f3n y estancamiento, la recuperaci\u00f3n econ\u00f3mica cobra fuerzas\u00bb, se\u00f1ala el informe, que explica que los impulsos m\u00e1s significativos se deben al consumo privado y las inversiones.<\/p>\n<p>La agencia tambi\u00e9n cree que tanto los costes de la vivienda como la situaci\u00f3n del empleo parecen haber alcanzado sus puntos m\u00e1s bajos, y asegura se debe a las reformas estructurales aplicadas. \u00abMientras que otros miembros de la zona euro no han querido adoptar reformas, Espa\u00f1a no s\u00f3lo ha tenido la voluntad de llevarlas a cabo, sino que adem\u00e1s ha actuado de forma resolutiva en su aplicaci\u00f3n\u00bb, sostiene.<\/p>\n<p>As\u00ed, Creditreform avanza que las perspectivas de desarrollo futuro en Espa\u00f1a son positivas, puesto que las condiciones m\u00e1s favorables para <strong><a href=\"https:\/\/www.fotocasa.es\/fotocasa-life\/hipotecas-finanzas\/la-banca-relaja-los-criterios-de-concesion-de-prestamos-para-la-compra-de-vivienda-por-primera-vez-desde-2006\/\">la financiaci\u00f3n<\/a><\/strong>, la creciente competitividad, el consumo y las inversiones constituir\u00e1n factores claves para el crecimiento en 2015. Adem\u00e1s, la econom\u00eda espa\u00f1ola se ver\u00e1 beneficiada por algunos agentes externos, como los bajos costes de la energ\u00eda, la depreciaci\u00f3n del euro y las compras del Banco Central Europeo (BCE).<\/p>\n<p>&nbsp;<\/p>\n","protected":false},"excerpt":{"rendered":"<p>Espa\u00f1a crecer\u00e1 un 3,1% este a\u00f1o y un 2,8% en 2016, sin que las elecciones de diciembre influyan en estos datos, seg\u00fan los expertos de la agencia de rating Creditreform. Adem\u00e1s, la tasa de paro disminuir\u00e1 hasta el 20% a corto plazo por las reformas del mercado laboral, as\u00ed que el gran reto de la&#8230;<\/p>\n","protected":false},"author":3,"featured_media":4569,"comment_status":"open","ping_status":"open","sticky":false,"template":"","format":"standard","meta":{"_lmt_disableupdate":"yes","_lmt_disable":"","footnotes":""},"categories":[6],"tags":[1415,836,118,1277],"class_list":["post-8804","post","type-post","status-publish","format-standard","has-post-thumbnail","hentry","category-hipotecas-finanzas","tag-consumo-de-los-hogares","tag-desendeudamiento","tag-economia","tag-reactivacion-economia"],"modified_by":"Albert PC","_links":{"self":[{"href":"https:\/\/www.fotocasa.es\/fotocasa-life\/wp-json\/wp\/v2\/posts\/8804","targetHints":{"allow":["GET"]}}],"collection":[{"href":"https:\/\/www.fotocasa.es\/fotocasa-life\/wp-json\/wp\/v2\/posts"}],"about":[{"href":"https:\/\/www.fotocasa.es\/fotocasa-life\/wp-json\/wp\/v2\/types\/post"}],"author":[{"embeddable":true,"href":"https:\/\/www.fotocasa.es\/fotocasa-life\/wp-json\/wp\/v2\/users\/3"}],"replies":[{"embeddable":true,"href":"https:\/\/www.fotocasa.es\/fotocasa-life\/wp-json\/wp\/v2\/comments?post=8804"}],"version-history":[{"count":0,"href":"https:\/\/www.fotocasa.es\/fotocasa-life\/wp-json\/wp\/v2\/posts\/8804\/revisions"}],"wp:featuredmedia":[{"embeddable":true,"href":"https:\/\/www.fotocasa.es\/fotocasa-life\/wp-json\/wp\/v2\/media\/4569"}],"wp:attachment":[{"href":"https:\/\/www.fotocasa.es\/fotocasa-life\/wp-json\/wp\/v2\/media?parent=8804"}],"wp:term":[{"taxonomy":"category","embeddable":true,"href":"https:\/\/www.fotocasa.es\/fotocasa-life\/wp-json\/wp\/v2\/categories?post=8804"},{"taxonomy":"post_tag","embeddable":true,"href":"https:\/\/www.fotocasa.es\/fotocasa-life\/wp-json\/wp\/v2\/tags?post=8804"}],"curies":[{"name":"wp","href":"https:\/\/api.w.org\/{rel}","templated":true}]}}