{"id":8764,"date":"2015-11-05T13:46:04","date_gmt":"2015-11-05T11:46:04","guid":{"rendered":"https:\/\/www.fotocasa.es\/fotocasa-life\/?p=8764"},"modified":"2022-10-28T11:42:17","modified_gmt":"2022-10-28T09:42:17","slug":"siete-de-cada-diez-espanoles-creen-que-su-generacion-no-tendra-pension-de-jubilacion-publica","status":"publish","type":"post","link":"https:\/\/www.fotocasa.es\/fotocasa-life\/hipotecas-finanzas\/siete-de-cada-diez-espanoles-creen-que-su-generacion-no-tendra-pension-de-jubilacion-publica\/","title":{"rendered":"Siete de cada diez espa\u00f1oles creen que su generaci\u00f3n no tendr\u00e1 pensi\u00f3n de jubilaci\u00f3n p\u00fablica"},"content":{"rendered":"<p>El 71% de los espa\u00f1oles cree que su generaci\u00f3n no tendr\u00e1 una <strong><a href=\"https:\/\/www.fotocasa.es\/fotocasa-life\/finanzas\/pros-y-contras-de-las-cuentas-remuneradas\/\">pensi\u00f3n p\u00fablica de jubilaci\u00f3n<\/a><\/strong> y, en el caso de recibirla, un 84% considera que no ser\u00e1 suficiente para cubrir los gastos m\u00ednimos y necesarios para sobrevivir, seg\u00fan la segunda edici\u00f3n del estudio &#8216;Los espa\u00f1oles ante el ahorro y la jubilaci\u00f3n&#8217; del Instituto Aviva.<\/p>\n<p>Respecto a la edad de jubilaci\u00f3n, un 58% piensa que se retirar\u00e1 a partir de los 67 a\u00f1os, m\u00e1s all\u00e1 de la edad establecida en la reforma de 2011. De estos, un 15% cree que ser\u00e1 con m\u00e1s 70 a\u00f1os.<\/p>\n<p>Ante estas perspectivas, la jubilaci\u00f3n ha pasado a ser este a\u00f1o la principal preocupaci\u00f3n econ\u00f3mica de los espa\u00f1oles, por delante de la <strong>compra de una vivienda<\/strong>. As\u00ed lo manifiesta un 51% de los espa\u00f1oles, frente a un 49% cuya m\u00e1xima inquietud es la hipoteca. A un 23% le preocupa m\u00e1s el pago de los estudios universitarios (propios o de los hijos) y, en \u00faltimo lugar, todo lo relacionado con la lista el nacimiento de los hijos o la viudedad, entre otros.<\/p>\n<p>Seg\u00fan el consejero delegado de Aviva Espa\u00f1a, Ignacio Izquierdo, \u00aben ning\u00fan caso\u00bb se debe ser \u00abalarmistas\u00bb sobre la sostenibilidad del sistema p\u00fablico de pensiones. Si bien, el estudio pone de manifiesto la creciente preocupaci\u00f3n de los ciudadanos por mantener el nivel de vida tras la jubilaci\u00f3n, siendo necesario que estos entiendan sus finanzas para cumplir sus expectativas de futuro.<\/p>\n<p>El segundo bloque del estudio se\u00f1ala que cada vez los espa\u00f1oles est\u00e1n m\u00e1s concienciados con la importancia del ahorro, ya que la gran mayor\u00eda (96%) considera necesario ahorrar de cara a la jubilaci\u00f3n. Sin embargo, seg\u00fan revela el estudio, esta concienciaci\u00f3n no se ve necesariamente materializada en un mayor nivel de ahorro finalista.<\/p>\n<p>&nbsp;<\/p>\n<p><strong>Cada vez, m\u00e1s ahorradores<\/strong><\/p>\n<p>Si bien el porcentaje de personas que est\u00e1n ahorrando para la jubilaci\u00f3n ha crecido tres puntos respecto al estudio del a\u00f1o pasado, la proporci\u00f3n todav\u00eda no supera el 19% de media. En esta l\u00ednea, hasta un 46% reconoce arrepentirse de no haber empezado <strong><a href=\"https:\/\/www.fotocasa.es\/fotocasa-life\/finanzas\/cuales-son-los-productos-de-ahorro-mas-convenientes\/\">a ahorrar antes<\/a><\/strong> para su jubilaci\u00f3n.<\/p>\n<p>Adem\u00e1s, las perspectivas de futuro de los encuestados hacen prever datos esperanzadores ya que, ante los primeros signos de recuperaci\u00f3n econ\u00f3mica, de cara al 2016, el 49% de los espa\u00f1oles asegura que tiene previsto empezar a ahorrar para su jubilaci\u00f3n o aumentar la cantidad que destina a este fin, si su situaci\u00f3n econ\u00f3mica mejora.<\/p>\n<p>En t\u00e9rminos generales, las personas cercanas a la jubilaci\u00f3n (m\u00e1s de 55 a\u00f1os) son m\u00e1s optimistas respecto a su pensi\u00f3n p\u00fablica, creen que se podr\u00e1n jubilar antes y tienen menor intenci\u00f3n de <strong><a href=\"https:\/\/www.fotocasa.es\/fotocasa-life\/finanzas\/como-usar-las-cuentas-remuneradas-para-rentabilizar-los-ahorros\/\">aumentar el ahorro<\/a><\/strong> para su jubilaci\u00f3n, frente a los j\u00f3venes que se acaban de incorporar al mercado laboral (18-24 a\u00f1os).<\/p>\n<p>En cuesti\u00f3n de g\u00e9nero, los hombres son m\u00e1s optimistas que las mujeres sobre la cuant\u00eda de su futura pensi\u00f3n y la edad a la que se jubilar\u00e1n. Seg\u00fan el estudio, las mujeres ahorran menos para su retiro y tienen menos intenci\u00f3n de empezar a hacerlo.<\/p>\n<p>&nbsp;<\/p>\n","protected":false},"excerpt":{"rendered":"<p>El 71% de los espa\u00f1oles cree que su generaci\u00f3n no tendr\u00e1 una pensi\u00f3n p\u00fablica de jubilaci\u00f3n y, en el caso de recibirla, un 84% considera que no ser\u00e1 suficiente para cubrir los gastos m\u00ednimos y necesarios para sobrevivir, seg\u00fan la segunda edici\u00f3n del estudio &#8216;Los espa\u00f1oles ante el ahorro y la jubilaci\u00f3n&#8217; del Instituto Aviva&#8230;.<\/p>\n","protected":false},"author":3,"featured_media":8765,"comment_status":"open","ping_status":"open","sticky":false,"template":"","format":"standard","meta":{"_lmt_disableupdate":"yes","_lmt_disable":"","footnotes":""},"categories":[6],"tags":[15,135,1018,1763],"class_list":["post-8764","post","type-post","status-publish","format-standard","has-post-thumbnail","hentry","category-hipotecas-finanzas","tag-ahorro","tag-estudios","tag-jubilacion","tag-plan-de-pensiones"],"modified_by":"Agustina Battioli","_links":{"self":[{"href":"https:\/\/www.fotocasa.es\/fotocasa-life\/wp-json\/wp\/v2\/posts\/8764","targetHints":{"allow":["GET"]}}],"collection":[{"href":"https:\/\/www.fotocasa.es\/fotocasa-life\/wp-json\/wp\/v2\/posts"}],"about":[{"href":"https:\/\/www.fotocasa.es\/fotocasa-life\/wp-json\/wp\/v2\/types\/post"}],"author":[{"embeddable":true,"href":"https:\/\/www.fotocasa.es\/fotocasa-life\/wp-json\/wp\/v2\/users\/3"}],"replies":[{"embeddable":true,"href":"https:\/\/www.fotocasa.es\/fotocasa-life\/wp-json\/wp\/v2\/comments?post=8764"}],"version-history":[{"count":0,"href":"https:\/\/www.fotocasa.es\/fotocasa-life\/wp-json\/wp\/v2\/posts\/8764\/revisions"}],"wp:featuredmedia":[{"embeddable":true,"href":"https:\/\/www.fotocasa.es\/fotocasa-life\/wp-json\/wp\/v2\/media\/8765"}],"wp:attachment":[{"href":"https:\/\/www.fotocasa.es\/fotocasa-life\/wp-json\/wp\/v2\/media?parent=8764"}],"wp:term":[{"taxonomy":"category","embeddable":true,"href":"https:\/\/www.fotocasa.es\/fotocasa-life\/wp-json\/wp\/v2\/categories?post=8764"},{"taxonomy":"post_tag","embeddable":true,"href":"https:\/\/www.fotocasa.es\/fotocasa-life\/wp-json\/wp\/v2\/tags?post=8764"}],"curies":[{"name":"wp","href":"https:\/\/api.w.org\/{rel}","templated":true}]}}