{"id":87473,"date":"2024-01-11T07:30:00","date_gmt":"2024-01-11T06:30:00","guid":{"rendered":"https:\/\/www.fotocasa.es\/fotocasa-life\/?p=87473"},"modified":"2025-12-08T07:20:00","modified_gmt":"2025-12-08T06:20:00","slug":"entender-el-mercado-de-la-compraventa-actual","status":"publish","type":"post","link":"https:\/\/www.fotocasa.es\/fotocasa-life\/compraventa\/entender-el-mercado-de-la-compraventa-actual\/","title":{"rendered":"Qu\u00e9 debes conocer del mercado de la compraventa si est\u00e1s pensando en comprar casa"},"content":{"rendered":"<p>Para que puedas tener una <strong>idea clara sobre el contexto inmobiliario y tomar decisiones informadas<\/strong>, desde Fotocasa analizamos las claves actuales del mercado de la <strong><a href=\"https:\/\/www.fotocasa.es\/fotocasa-life\/quiero-comprar-casa\/\">compraventa de vivienda<\/a><\/strong>: precio del metro cuadrado, tipos de inter\u00e9s, eur\u00edbor, n\u00famero de compraventas, ayudas, hipotecas&#8230;<\/p>\n<p>Descubre cu\u00e1l es su evoluci\u00f3n y <strong>c\u00f3mo te afecta cada uno de estos factores<\/strong> si est\u00e1s pensando en comprar casa en 2025.<\/p>\n<p><!--more--><\/p>\n<section class=\"mini-posts\"><div class=\"row align-items-center\"><div class=\"col-4 col-md-3 pt-2 pb-2\"><div class=\"mini-posts__image\"><a href=\"https:\/\/www.fotocasa.es\/fotocasa-life\/alquiler\/datos-clave-para-entender-el-mercado-del-alquiler-actual\/\"><img decoding=\"async\" src=\"https:\/\/www.fotocasa.es\/fotocasa-life\/wp-content\/uploads\/2024\/01\/mercado-del-alquiler-355x230.png\" alt=\"Qu\u00e9 debes conocer del mercado del alquiler si est\u00e1s pensando en alquilar piso\" title=\"-\"><\/a><\/div><\/div><div class=\"col-8 col-md-9 pt-2 pb-2\"><h3 class=\"mini-posts__title\"><a href=\"https:\/\/www.fotocasa.es\/fotocasa-life\/alquiler\/datos-clave-para-entender-el-mercado-del-alquiler-actual\/\">Qu\u00e9 debes conocer del mercado del alquiler si est\u00e1s pensando en alquilar piso<\/a><\/h3><\/div><\/div><\/section>\n<h2><b>El precio de la vivienda en venta se sit\u00faa en los 2.828\u20ac\/m\u00b2 <\/b><\/h2>\n<p>Seg\u00fan los \u00faltimos datos del <a href=\"https:\/\/www.fotocasa.es\/indice-precio-vivienda\"><strong>\u00cdndice Inmobiliario Fotocasa<\/strong><\/a>, el metro cuadrado alcanz\u00f3 los 2.828 euros en noviembre de 2025, registrando una subida del 18,8% anual y del 1,4% mensual.<strong> Se trata del incremento m\u00e1s alto de los \u00faltimos 20 a\u00f1os.<\/strong><\/p>\n<p><span style=\"font-weight: 400\">\u00abEl precio de la vivienda est\u00e1 creciendo a un ritmo in\u00e9dito, impulsado por un desequilibrio estructural entre oferta y demanda que hoy es m\u00e1s severo que nunca, ya que la demanda cuadruplica la oferta<\/span>\u00ab, explica Mar\u00eda Matos, directora de Estudios y portavoz de Fotocasa.<\/p>\n","protected":false},"excerpt":{"rendered":"<p>Estas son las claves que debes conocer del mercado inmobiliario si est\u00e1s interesado en comprar una vivienda en diciembre de 2025<\/p>\n","protected":false},"author":3,"featured_media":93141,"comment_status":"open","ping_status":"closed","sticky":false,"template":"","format":"standard","meta":{"_lmt_disableupdate":"yes","_lmt_disable":"","footnotes":""},"categories":[3],"tags":[2184,3153,2746,7276,10109,1860,8139,72,10306,2293,10212,1647,9883,10304,10303,6511,10305,11957,2359],"class_list":["post-87473","post","type-post","status-publish","format-standard","has-post-thumbnail","hentry","category-compraventa","tag-comprar","tag-comprar-casa","tag-comprar-vivienda","tag-comprar-vivienda-2023","tag-comprar-vivienda-2024","tag-compraventa","tag-compraventa-de-una-vivienda","tag-compraventa-de-vivienda","tag-entender-mercado-inmobiliario","tag-mercado-compraventa","tag-mercado-compraventa-2024","tag-mercado-inmobiliario","tag-mercado-inmobiliario-2024","tag-mercado-inmobiliario-actual","tag-mercado-inmobiliario-espanol","tag-que-saber-antes-de-vender","tag-quiero-comprar-casa","tag-sector","tag-vender"],"modified_by":"Jessica Llavero","_links":{"self":[{"href":"https:\/\/www.fotocasa.es\/fotocasa-life\/wp-json\/wp\/v2\/posts\/87473","targetHints":{"allow":["GET"]}}],"collection":[{"href":"https:\/\/www.fotocasa.es\/fotocasa-life\/wp-json\/wp\/v2\/posts"}],"about":[{"href":"https:\/\/www.fotocasa.es\/fotocasa-life\/wp-json\/wp\/v2\/types\/post"}],"author":[{"embeddable":true,"href":"https:\/\/www.fotocasa.es\/fotocasa-life\/wp-json\/wp\/v2\/users\/3"}],"replies":[{"embeddable":true,"href":"https:\/\/www.fotocasa.es\/fotocasa-life\/wp-json\/wp\/v2\/comments?post=87473"}],"version-history":[{"count":0,"href":"https:\/\/www.fotocasa.es\/fotocasa-life\/wp-json\/wp\/v2\/posts\/87473\/revisions"}],"wp:featuredmedia":[{"embeddable":true,"href":"https:\/\/www.fotocasa.es\/fotocasa-life\/wp-json\/wp\/v2\/media\/93141"}],"wp:attachment":[{"href":"https:\/\/www.fotocasa.es\/fotocasa-life\/wp-json\/wp\/v2\/media?parent=87473"}],"wp:term":[{"taxonomy":"category","embeddable":true,"href":"https:\/\/www.fotocasa.es\/fotocasa-life\/wp-json\/wp\/v2\/categories?post=87473"},{"taxonomy":"post_tag","embeddable":true,"href":"https:\/\/www.fotocasa.es\/fotocasa-life\/wp-json\/wp\/v2\/tags?post=87473"}],"curies":[{"name":"wp","href":"https:\/\/api.w.org\/{rel}","templated":true}]}}