{"id":87006,"date":"2023-12-04T08:00:04","date_gmt":"2023-12-04T07:00:04","guid":{"rendered":"https:\/\/www.fotocasa.es\/fotocasa-life\/?p=87006"},"modified":"2026-04-24T07:25:00","modified_gmt":"2026-04-24T05:25:00","slug":"como-es-el-mercado-de-la-vivienda-en-navarra","status":"publish","type":"post","link":"https:\/\/www.fotocasa.es\/fotocasa-life\/sector\/como-es-el-mercado-de-la-vivienda-en-navarra\/","title":{"rendered":"\u00bfC\u00f3mo es el mercado de la vivienda en Navarra en 2026?"},"content":{"rendered":"<table class=\"table table-striped table-color-200\">\n<tbody>\n<tr>\n<td>\n<ul>\n<li>El precio del metro cuadrado en la comunidad navarra se sit\u00faa en 2.291 euros para vivienda en venta, un 11,4% m\u00e1s que hace un a\u00f1o. Una vivienda tipo cuesta 183.272 euros.<\/li>\n<li>En vivienda en alquiler, Navarra registra un valor por metro cuadrado de 11,94 euros, por lo que un inmueble de 80 metros cuadrados cuesta 955 euros de media al mes.<\/li>\n<\/ul>\n<\/td>\n<\/tr>\n<\/tbody>\n<\/table>\n<p><b>\u00bfC\u00f3mo evoluciona el mercado de la vivienda en Navarra? <\/b>Desde Fotocasa <b>analizamos c\u00f3mo es el <\/b><b>mercado<\/b><b> en la comunidad<\/b>: el <strong>precio del metro cuadrado en vivienda en venta<\/strong> y alquiler, la predicci\u00f3n de los precios para el primer trimestre de 2026 y la rentabilidad para los inmuebles en arrendamiento en el conjunto de la comunidad.<\/p>\n<h2><b>As\u00ed ha evolucionado el mercado de la vivienda en Navarra<\/b><\/h2>\n<p>A pesar de que el precio de la vivienda tanto de compra como de alquiler <b>ha aumentado en Navarra, no se encuentra entre las comunidades aut\u00f3nomas m\u00e1s caras de Espa\u00f1a<\/b>. De hecho, no llega a la media nacional, ni en el precio de compraventa ni en el de alquiler.<\/p>\n<p>En el conjunto de la autonom\u00eda navarra, el precio del metro cuadrado se sit\u00faa en los <span data-sheets-root=\"1\">2.291<\/span> euros, por lo que un inmueble medio de unos 80 metros cuadrados tiene un valor medio de 183.272 euros, mientras que el <strong>precio medio de la vivienda en Espa\u00f1a se encuentra en los 3.014 euros,<\/strong> seg\u00fan los datos de marzo de 2026 del <a href=\"https:\/\/www.fotocasa.es\/indice-precio-vivienda\" target=\"_blank\" rel=\"noopener\"><strong>\u00edndice de precios de Fotocasa<\/strong><\/a>. En comparaci\u00f3n con el mismo mes del a\u00f1o anterior, el precio del metro cuadrado en Navarra ha incrementado en un 11,4%.<\/p>\n<p><img loading=\"lazy\" decoding=\"async\" class=\"aligncenter size-full wp-image-102523\" src=\"https:\/\/www.fotocasa.es\/fotocasa-life\/wp-content\/uploads\/2023\/10\/Precio-de-compra-de-la-vivienda-por-Comunidad-Autonoma-MARZO-2026-1.png\" alt=\"- - - -\" width=\"800\" height=\"800\" title=\"-\" srcset=\"https:\/\/www.fotocasa.es\/fotocasa-life\/wp-content\/uploads\/2023\/10\/Precio-de-compra-de-la-vivienda-por-Comunidad-Autonoma-MARZO-2026-1.png 800w, https:\/\/www.fotocasa.es\/fotocasa-life\/wp-content\/uploads\/2023\/10\/Precio-de-compra-de-la-vivienda-por-Comunidad-Autonoma-MARZO-2026-1-300x300.png 300w, https:\/\/www.fotocasa.es\/fotocasa-life\/wp-content\/uploads\/2023\/10\/Precio-de-compra-de-la-vivienda-por-Comunidad-Autonoma-MARZO-2026-1-150x150.png 150w, https:\/\/www.fotocasa.es\/fotocasa-life\/wp-content\/uploads\/2023\/10\/Precio-de-compra-de-la-vivienda-por-Comunidad-Autonoma-MARZO-2026-1-768x768.png 768w\" sizes=\"auto, (max-width: 800px) 100vw, 800px\" \/><\/p>\n","protected":false},"excerpt":{"rendered":"<p>Analizamos, mes a mes, el mercado inmobiliario en Navarra: el precio del metro cuadrado en venta y alquiler o la rentabilidad para vivienda<\/p>\n","protected":false},"author":3,"featured_media":100308,"comment_status":"open","ping_status":"closed","sticky":false,"template":"","format":"standard","meta":{"_lmt_disableupdate":"yes","_lmt_disable":"","footnotes":""},"categories":[2327],"tags":[7277,10110,10105,2184,10104,10109,10103,1860,12105,4759,10108,9879,10106,10107,11957,12104,10102],"class_list":["post-87006","post","type-post","status-publish","format-standard","has-post-thumbnail","hentry","category-sector","tag-alquilar-vivienda-2023","tag-alquilar-vivienda-2024","tag-alquilar-vivienda-navarra","tag-comprar","tag-comprar-casa-en-navarra","tag-comprar-vivienda-2024","tag-comprar-vivienda-en-navarra","tag-compraventa","tag-geo","tag-mercado-de-la-vivienda","tag-mercado-de-la-vivienda-en-navarra","tag-mercado-vivienda-2024","tag-rentabilidad-vivienda-espana","tag-rentabilidas-vivienda-navarra","tag-sector","tag-transaccion","tag-vivir-en-navarra"],"modified_by":"Jessica Llavero","_links":{"self":[{"href":"https:\/\/www.fotocasa.es\/fotocasa-life\/wp-json\/wp\/v2\/posts\/87006","targetHints":{"allow":["GET"]}}],"collection":[{"href":"https:\/\/www.fotocasa.es\/fotocasa-life\/wp-json\/wp\/v2\/posts"}],"about":[{"href":"https:\/\/www.fotocasa.es\/fotocasa-life\/wp-json\/wp\/v2\/types\/post"}],"author":[{"embeddable":true,"href":"https:\/\/www.fotocasa.es\/fotocasa-life\/wp-json\/wp\/v2\/users\/3"}],"replies":[{"embeddable":true,"href":"https:\/\/www.fotocasa.es\/fotocasa-life\/wp-json\/wp\/v2\/comments?post=87006"}],"version-history":[{"count":0,"href":"https:\/\/www.fotocasa.es\/fotocasa-life\/wp-json\/wp\/v2\/posts\/87006\/revisions"}],"wp:featuredmedia":[{"embeddable":true,"href":"https:\/\/www.fotocasa.es\/fotocasa-life\/wp-json\/wp\/v2\/media\/100308"}],"wp:attachment":[{"href":"https:\/\/www.fotocasa.es\/fotocasa-life\/wp-json\/wp\/v2\/media?parent=87006"}],"wp:term":[{"taxonomy":"category","embeddable":true,"href":"https:\/\/www.fotocasa.es\/fotocasa-life\/wp-json\/wp\/v2\/categories?post=87006"},{"taxonomy":"post_tag","embeddable":true,"href":"https:\/\/www.fotocasa.es\/fotocasa-life\/wp-json\/wp\/v2\/tags?post=87006"}],"curies":[{"name":"wp","href":"https:\/\/api.w.org\/{rel}","templated":true}]}}