{"id":86961,"date":"2023-11-29T09:50:18","date_gmt":"2023-11-29T08:50:18","guid":{"rendered":"https:\/\/www.fotocasa.es\/fotocasa-life\/?p=86961"},"modified":"2023-11-28T10:44:47","modified_gmt":"2023-11-28T09:44:47","slug":"las-primeras-caidas-en-el-precio-de-la-vivienda-y-la-moderacion-en-el-volumen-de-compraventas-marcaran-el-mercado-en-2024","status":"publish","type":"post","link":"https:\/\/www.fotocasa.es\/fotocasa-life\/sector\/las-primeras-caidas-en-el-precio-de-la-vivienda-y-la-moderacion-en-el-volumen-de-compraventas-marcaran-el-mercado-en-2024\/","title":{"rendered":"Las primeras ca\u00eddas en el precio de la vivienda y la moderaci\u00f3n en el volumen de compraventas marcar\u00e1n el mercado en 2024"},"content":{"rendered":"<p><strong>El 2023 que est\u00e1 a punto de cerrar ser\u00e1 recordado como el a\u00f1o de la gran transformaci\u00f3n del mercado inmobiliario<\/strong>, en el que han confluido infinitos <b>cambios sociales, econ\u00f3micos y legislativos que suponen la mayor alteraci\u00f3n del sector<\/b> en la \u00faltima d\u00e9cada. La recuperaci\u00f3n del mercado tras el par\u00f3n de la pandemia, la nueva pol\u00edtica monetaria restrictiva de la eurozona y la <strong><a href=\"https:\/\/www.fotocasa.es\/fotocasa-life\/general\/nueva-ley-de-vivienda\/\">entrada en vigor de la primera ley de vivienda<\/a><\/strong> hacen de 2023 un a\u00f1o inquietante pero resiliente frente a las adversidades.<\/p>\n<p>El impacto en el sector inmobiliario y en el mercado de la vivienda ya es s\u00f3lido. <strong>El factor m\u00e1s considerable son las <a href=\"https:\/\/www.fotocasa.es\/fotocasa-life\/hipotecas-finanzas\/el-banco-central-europeo-vuelve-a-subir-los-tipos-de-interes-ahora-en-75-puntos-basicos\/\">diez subidas de tipos de inter\u00e9s, que conforman el ciclo m\u00e1s agresivo de la historia del Banco Central Europeo<\/a><\/strong>. Por ahora, el temor a la recesi\u00f3n ha paralizado la escalada y el tono del discurso de la instituci\u00f3n monetaria indica que, al menos <strong>hasta el segundo semestre de 2024, no se iniciar\u00e1 un periodo de estabilizaci\u00f3n que conlleve una relajaci\u00f3n de los intereses<\/strong>.<\/p>\n","protected":false},"excerpt":{"rendered":"<p>Ni en 2022 hubo burbuja, ni en 2023 cayeron los precios, ni en 2024 habr\u00e1 crisis en el sector<\/p>\n","protected":false},"author":182,"featured_media":86963,"comment_status":"open","ping_status":"closed","sticky":false,"template":"","format":"standard","meta":{"_lmt_disableupdate":"yes","_lmt_disable":"","footnotes":""},"categories":[2327],"tags":[4382,2746,7744,8528,7016,5638,9496,10051,7446,9883,9879,4679,5141,2418,207,2420,10050,6288,6289,6284],"class_list":["post-86961","post","type-post","status-publish","format-standard","has-post-thumbnail","hentry","category-sector","tag-alquilar-vivienda","tag-comprar-vivienda","tag-compraventa-de-viviendas-2023","tag-desequilibrio-oferta-y-demanda","tag-euribor-e-hipotecas","tag-euribor-hoy","tag-falta-oferta-alquiler","tag-mercado","tag-mercado-inmobiliario-2023","tag-mercado-inmobiliario-2024","tag-mercado-vivienda-2024","tag-nueva-ley-vivienda","tag-oferta-alquiler","tag-precio-alquiler","tag-precio-de-la-vivienda","tag-precio-vivienda","tag-sector-vivienda","tag-subida-de-tipos","tag-subida-tipos-bce","tag-subida-tipos-interes"],"modified_by":"Sara","_links":{"self":[{"href":"https:\/\/www.fotocasa.es\/fotocasa-life\/wp-json\/wp\/v2\/posts\/86961","targetHints":{"allow":["GET"]}}],"collection":[{"href":"https:\/\/www.fotocasa.es\/fotocasa-life\/wp-json\/wp\/v2\/posts"}],"about":[{"href":"https:\/\/www.fotocasa.es\/fotocasa-life\/wp-json\/wp\/v2\/types\/post"}],"author":[{"embeddable":true,"href":"https:\/\/www.fotocasa.es\/fotocasa-life\/wp-json\/wp\/v2\/users\/182"}],"replies":[{"embeddable":true,"href":"https:\/\/www.fotocasa.es\/fotocasa-life\/wp-json\/wp\/v2\/comments?post=86961"}],"version-history":[{"count":0,"href":"https:\/\/www.fotocasa.es\/fotocasa-life\/wp-json\/wp\/v2\/posts\/86961\/revisions"}],"wp:featuredmedia":[{"embeddable":true,"href":"https:\/\/www.fotocasa.es\/fotocasa-life\/wp-json\/wp\/v2\/media\/86963"}],"wp:attachment":[{"href":"https:\/\/www.fotocasa.es\/fotocasa-life\/wp-json\/wp\/v2\/media?parent=86961"}],"wp:term":[{"taxonomy":"category","embeddable":true,"href":"https:\/\/www.fotocasa.es\/fotocasa-life\/wp-json\/wp\/v2\/categories?post=86961"},{"taxonomy":"post_tag","embeddable":true,"href":"https:\/\/www.fotocasa.es\/fotocasa-life\/wp-json\/wp\/v2\/tags?post=86961"}],"curies":[{"name":"wp","href":"https:\/\/api.w.org\/{rel}","templated":true}]}}