{"id":8687,"date":"2015-11-02T15:25:58","date_gmt":"2015-11-02T13:25:58","guid":{"rendered":"https:\/\/www.fotocasa.es\/fotocasa-life\/?p=8687"},"modified":"2020-11-27T11:28:59","modified_gmt":"2020-11-27T10:28:59","slug":"espana-no-lograra-reducir-el-deficit-al-45-que-dice-bruselas-segun-instituto-juan-de-mariana","status":"publish","type":"post","link":"https:\/\/www.fotocasa.es\/fotocasa-life\/hipotecas-finanzas\/espana-no-lograra-reducir-el-deficit-al-45-que-dice-bruselas-segun-instituto-juan-de-mariana\/","title":{"rendered":"Espa\u00f1a no lograr\u00e1 reducir el d\u00e9ficit al 4,5% que dice Bruselas, seg\u00fan Instituto Juan de Mariana"},"content":{"rendered":"<p>Espa\u00f1a no conseguir\u00e1 reducir el d\u00e9ficit al objetivo del 4,2% ni al 4,5% que dice Bruselas, seg\u00fan el \u00faltimo informe del Instituto Juan de Mariana, cuyos resultados apuntan a una recuperaci\u00f3n de la econom\u00eda del pa\u00eds \u00abno exenta de amenazas que ponen en peligro su firme paso\u00bb.<\/p>\n<p>Seg\u00fan la instituci\u00f3n, para que Espa\u00f1a cumpliera ser\u00eda necesaria una \u00abfuerte contenci\u00f3n\u00bb de los gastos y una aceleraci\u00f3n de la recaudaci\u00f3n tributaria. \u00abLo primero parece poco probable, y m\u00e1s en un entorno de elecciones nacionales. Y lo segundo tambi\u00e9n, dados los indicadores que ya apuntan a una cierta desaceleraci\u00f3n del crecimiento en el segundo semestre del a\u00f1o\u00bb, dicen.<\/p>\n<p>Tras la mejora del segundo trimestre, el informe se\u00f1ala la complicaci\u00f3n de la <strong><a href=\"https:\/\/www.fotocasa.es\/fotocasa-life\/hipotecas-finanzas\/la-mejora-de-la-economia-alivia-la-contraccion-del-credito-de-los-bancos\/\">situaci\u00f3n de la econom\u00eda<\/a><\/strong> durante el verano, con China y los pa\u00edses emergentes como protagonistas, con una influencia que podr\u00eda acabar siendo limitada para Espa\u00f1a. En el \u00e1mbito nacional, resalta \u00abel riesgo pol\u00edtico\u00bb que emerge de las pr\u00f3ximas elecciones generales.<\/p>\n<p>Adem\u00e1s de la preocupaci\u00f3n por el d\u00e9ficit, el instituto Juan de Mariana recuerda que Espa\u00f1a mantiene una posici\u00f3n deudora con el exterior \u00absin parang\u00f3n\u00bb en el contexto internacional, que se traduce en una fuerte dependencia de la inversi\u00f3n extranjera.<\/p>\n<p>Por el contrario, destaca el desapalancamiento del sector privado, sobre todo del sector bancario, que ha pasado de 3,53 billones de euros en activos en el pico de junio 2012, a los 2,78 billones de agosto 2015, cifras similares a las del verano de 2007.<\/p>\n<p>A su parecer, la contracci\u00f3n del cr\u00e9dito a las empresas es cada vez menor, como el <strong><a href=\"https:\/\/www.fotocasa.es\/fotocasa-life\/hipotecas-finanzas\/la-banca-relaja-los-criterios-de-aprobacion-de-prestamos-al-consumo\/\">cr\u00e9dito al consumo a las familias<\/a><\/strong>, aunque no sucede lo mismo con el destinado a vivienda, cuya contracci\u00f3n se ha acelerado en el segundo trimestre del a\u00f1o.<\/p>\n<p>Por otro lado y pese a la laxa pol\u00edtica monetaria del Banco Central Europeo (BCE), el instituto recuerda tambi\u00e9n que la tasa de variaci\u00f3n anual del \u00cdndice de Precios de Consumo se situ\u00f3 en septiembre en -0,9%, aunque el componente energ\u00e9tico es el principal responsable de este signo negativo y no hay un descenso generalizado de los precios.<\/p>\n<p>Para los pr\u00f3ximos trimestres, Juan de Mariana dice que seguir\u00e1 con atenci\u00f3n el precio del petr\u00f3leo por sus m\u00faltiples e importantes repercusiones sobre la econom\u00eda espa\u00f1ola. Tambi\u00e9n revisar\u00e1 toda la bater\u00eda de indicadores econ\u00f3micos y financieros con el fin de valorar la salud de la coyuntura econ\u00f3mica espa\u00f1ola.<\/p>\n<p>&nbsp;<\/p>\n","protected":false},"excerpt":{"rendered":"<p>Espa\u00f1a no conseguir\u00e1 reducir el d\u00e9ficit al objetivo del 4,2% ni al 4,5% que dice Bruselas, seg\u00fan el \u00faltimo informe del Instituto Juan de Mariana, cuyos resultados apuntan a una recuperaci\u00f3n de la econom\u00eda del pa\u00eds \u00abno exenta de amenazas que ponen en peligro su firme paso\u00bb. Seg\u00fan la instituci\u00f3n, para que Espa\u00f1a cumpliera ser\u00eda&#8230;<\/p>\n","protected":false},"author":3,"featured_media":8688,"comment_status":"open","ping_status":"open","sticky":false,"template":"","format":"standard","meta":{"_lmt_disableupdate":"yes","_lmt_disable":"","footnotes":""},"categories":[6],"tags":[323,335,118,1020,135],"class_list":["post-8687","post","type-post","status-publish","format-standard","has-post-thumbnail","hentry","category-hipotecas-finanzas","tag-bce","tag-deficit","tag-economia","tag-economia-espanola","tag-estudios"],"modified_by":"Albert PC","_links":{"self":[{"href":"https:\/\/www.fotocasa.es\/fotocasa-life\/wp-json\/wp\/v2\/posts\/8687","targetHints":{"allow":["GET"]}}],"collection":[{"href":"https:\/\/www.fotocasa.es\/fotocasa-life\/wp-json\/wp\/v2\/posts"}],"about":[{"href":"https:\/\/www.fotocasa.es\/fotocasa-life\/wp-json\/wp\/v2\/types\/post"}],"author":[{"embeddable":true,"href":"https:\/\/www.fotocasa.es\/fotocasa-life\/wp-json\/wp\/v2\/users\/3"}],"replies":[{"embeddable":true,"href":"https:\/\/www.fotocasa.es\/fotocasa-life\/wp-json\/wp\/v2\/comments?post=8687"}],"version-history":[{"count":0,"href":"https:\/\/www.fotocasa.es\/fotocasa-life\/wp-json\/wp\/v2\/posts\/8687\/revisions"}],"wp:featuredmedia":[{"embeddable":true,"href":"https:\/\/www.fotocasa.es\/fotocasa-life\/wp-json\/wp\/v2\/media\/8688"}],"wp:attachment":[{"href":"https:\/\/www.fotocasa.es\/fotocasa-life\/wp-json\/wp\/v2\/media?parent=8687"}],"wp:term":[{"taxonomy":"category","embeddable":true,"href":"https:\/\/www.fotocasa.es\/fotocasa-life\/wp-json\/wp\/v2\/categories?post=8687"},{"taxonomy":"post_tag","embeddable":true,"href":"https:\/\/www.fotocasa.es\/fotocasa-life\/wp-json\/wp\/v2\/tags?post=8687"}],"curies":[{"name":"wp","href":"https:\/\/api.w.org\/{rel}","templated":true}]}}