{"id":86860,"date":"2023-11-23T09:50:38","date_gmt":"2023-11-23T08:50:38","guid":{"rendered":"https:\/\/www.fotocasa.es\/fotocasa-life\/?p=86860"},"modified":"2023-11-23T09:09:42","modified_gmt":"2023-11-23T08:09:42","slug":"la-subida-de-tipos-perjudica-a-los-mas-jovenes-pagan-de-media-300-e-mas-de-hipoteca","status":"publish","type":"post","link":"https:\/\/www.fotocasa.es\/fotocasa-life\/hipotecas-finanzas\/la-subida-de-tipos-perjudica-a-los-mas-jovenes-pagan-de-media-300-e-mas-de-hipoteca\/","title":{"rendered":"La subida de tipos perjudica a los m\u00e1s j\u00f3venes: 4 de cada 10 pagan de media 300 \u20ac m\u00e1s de hipoteca que hace un a\u00f1o"},"content":{"rendered":"<p><strong>Durante el \u00faltimo a\u00f1o y medio, las <a href=\"https:\/\/www.fotocasa.es\/fotocasa-life\/hipotecas-finanzas\/el-banco-central-europeo-vuelve-a-subir-los-tipos-de-interes-ahora-en-75-puntos-basicos\/\">diferentes subidas de tipos de inter\u00e9s por parte del BCE<\/a> han provocado una escalada paralela en el eur\u00edbor<\/strong>, el \u00edndice al que est\u00e1n referenciadas la pr\u00e1ctica totalidad de las hipotecas variables y mixtas en Espa\u00f1a. As\u00ed, <strong>desde el -0,5% con el que el eur\u00edbor comenz\u00f3 el a\u00f1o 2022 se ha pasado a un nivel superior al 4%<\/strong> desde el pasado mes de junio de 2023. Y eso <strong>afecta al bolsillo del 20% de espa\u00f1oles que tienen contratada una hipoteca variable o mixta<\/strong>.<\/p>\n<p>En concreto, <b>hay un 35% de particulares con hipoteca variable o mixta que, en los \u00faltimos doce meses, han visto incrementada la <a href=\"https:\/\/www.fotocasa.es\/fotocasa-life\/calculadora\/calculadora-cuota-hipoteca\/\">cuota de su hipoteca<\/a> en menos de cien euros al mes. Otro 27% pagan ahora entre 100 y 199 euros m\u00e1s que hace un a\u00f1o<\/b>. El tercer grupo m\u00e1s representativo (16%) es el de quienes han sufrido un aumento de su pago mensual de entre 200 y 299 euros. As\u00ed se desprende de la \u00faltima encuesta de Fotocasa Research, lanzada a m\u00e1s de 5.000 personas el pasado mes de agosto.<\/p>\n","protected":false},"excerpt":{"rendered":"<p>Casi nueve de cada diez hipotecas variables o mixtas han incrementado su cuota mensual como consecuencia de la subida del eur\u00edbor<\/p>\n","protected":false},"author":182,"featured_media":86861,"comment_status":"open","ping_status":"closed","sticky":false,"template":"","format":"standard","meta":{"_lmt_disableupdate":"yes","_lmt_disable":"","footnotes":""},"categories":[6],"tags":[4045,9512,4935,9405,6525,10022,7191,10021,136,7016,2433,4557,4186,10023,6288,9456,8492],"class_list":["post-86860","post","type-post","status-publish","format-standard","has-post-thumbnail","hentry","category-hipotecas-finanzas","tag-abaratar-cuota-hipoteca","tag-ahorrar-hipoteca","tag-calculadora-cuota-hipoteca","tag-cambiar-hipoteca-de-variable-a-mixta","tag-cambiar-hipoteca-variable-a-fija","tag-cuota-de-la-hipoteca","tag-cuota-hipoteca","tag-cuota-hipotecaria","tag-euribor","tag-euribor-e-hipotecas","tag-hipoteca-fija","tag-hipoteca-mixta","tag-hipoteca-variable","tag-jovenes-hipoteca","tag-subida-de-tipos","tag-subida-de-tipos-bce","tag-tipos-bce"],"modified_by":"Sara","_links":{"self":[{"href":"https:\/\/www.fotocasa.es\/fotocasa-life\/wp-json\/wp\/v2\/posts\/86860","targetHints":{"allow":["GET"]}}],"collection":[{"href":"https:\/\/www.fotocasa.es\/fotocasa-life\/wp-json\/wp\/v2\/posts"}],"about":[{"href":"https:\/\/www.fotocasa.es\/fotocasa-life\/wp-json\/wp\/v2\/types\/post"}],"author":[{"embeddable":true,"href":"https:\/\/www.fotocasa.es\/fotocasa-life\/wp-json\/wp\/v2\/users\/182"}],"replies":[{"embeddable":true,"href":"https:\/\/www.fotocasa.es\/fotocasa-life\/wp-json\/wp\/v2\/comments?post=86860"}],"version-history":[{"count":0,"href":"https:\/\/www.fotocasa.es\/fotocasa-life\/wp-json\/wp\/v2\/posts\/86860\/revisions"}],"wp:featuredmedia":[{"embeddable":true,"href":"https:\/\/www.fotocasa.es\/fotocasa-life\/wp-json\/wp\/v2\/media\/86861"}],"wp:attachment":[{"href":"https:\/\/www.fotocasa.es\/fotocasa-life\/wp-json\/wp\/v2\/media?parent=86860"}],"wp:term":[{"taxonomy":"category","embeddable":true,"href":"https:\/\/www.fotocasa.es\/fotocasa-life\/wp-json\/wp\/v2\/categories?post=86860"},{"taxonomy":"post_tag","embeddable":true,"href":"https:\/\/www.fotocasa.es\/fotocasa-life\/wp-json\/wp\/v2\/tags?post=86860"}],"curies":[{"name":"wp","href":"https:\/\/api.w.org\/{rel}","templated":true}]}}