{"id":8685,"date":"2015-11-02T14:29:49","date_gmt":"2015-11-02T12:29:49","guid":{"rendered":"https:\/\/www.fotocasa.es\/fotocasa-life\/?p=8685"},"modified":"2020-11-27T11:29:00","modified_gmt":"2020-11-27T10:29:00","slug":"el-sector-inmobiliario-entre-la-euforia-y-la-recuperacion-segun-alfa-inmobiliaria","status":"publish","type":"post","link":"https:\/\/www.fotocasa.es\/fotocasa-life\/compraventa\/el-sector-inmobiliario-entre-la-euforia-y-la-recuperacion-segun-alfa-inmobiliaria\/","title":{"rendered":"El sector inmobiliario \u00abentre la euforia y la recuperaci\u00f3n\u00bb, seg\u00fan Alfa Inmobiliaria"},"content":{"rendered":"<p>El sector inmobiliario vive un periodo \u00abentre la euforia y la recuperaci\u00f3n\u00bb, cuando hace un a\u00f1o el sentimiento era de \u00abdesolaci\u00f3n\u00bb, seg\u00fan palabras del vicepresidente de la red Alfa Inmobiliaria, Jes\u00fas Duque.<\/p>\n<p>Para Duque, los m\u00e1s optimistas ahora son los operadores de suelo, que los \u00faltimos a\u00f1os son los que han tenido los principales activos t\u00f3xicos de Espa\u00f1a. Se trata de los propietarios de los terrenos que persiguen hoy en d\u00eda fondos nacionales y extranjeros, interesados nuevamente en la promoci\u00f3n.<\/p>\n<p>Estos <strong><a href=\"https:\/\/www.fotocasa.es\/fotocasa-life\/compraventa\/la-nueva-promocion-y-las-viviendas-procedentes-de-fondos-claves-de-la-oferta-en-2015\/\">grandes fondos<\/a><\/strong> lo que buscan es suelo finalista, listo para ser edificado, especialmente en Madrid y Barcelona, y descartan toda oferta de segundo nivel.<\/p>\n<p>En el caso de la vivienda, Alfa Inmobiliaria s\u00f3lo habla de <strong><a href=\"https:\/\/www.fotocasa.es\/fotocasa-life\/compraventa\/fotocasa-real-estate-conference-los-buenos-tiempos-regresan-al-mercado-inmobiliario\/\">recuperaci\u00f3n<\/a><\/strong>. \u00abSuave, constante y razonable\u00bb y a\u00f1ade que \u00aben ning\u00fan caso se observan los niveles de euforia que se viven en la promoci\u00f3n\u00bb.<\/p>\n<p>&nbsp;<\/p>\n<p><strong>Viviendas que no sirven para nada<\/strong><\/p>\n<p>Por otro lado, desde la red inmobiliaria se\u00f1alan que este despertar del sector convive con la existencia de viviendas que fueron construidas en ubicaciones mal elegidas, antiguas, peque\u00f1as, en zonas modestas, sin ascensor o mal mantenidas, cuyo precio ha llegado a bajar un 70%, pero que <strong><a href=\"https:\/\/www.fotocasa.es\/fotocasa-life\/compraventa\/gonzalo-bernardos-una-tercera-parte-del-stock-de-vivienda-es-invendible\/\">siguen sin encontrar comprador<\/a><\/strong>.<\/p>\n<p>\u00abEste tipo de propiedad ha estado muy ligada al fen\u00f3meno de la inmigraci\u00f3n y hoy, con una poblaci\u00f3n m\u00e1s estable, es dif\u00edcil quit\u00e1rselas de encima\u00bb, a\u00f1aden.<\/p>\n<p>&nbsp;<\/p>\n","protected":false},"excerpt":{"rendered":"<p>El sector inmobiliario vive un periodo \u00abentre la euforia y la recuperaci\u00f3n\u00bb, cuando hace un a\u00f1o el sentimiento era de \u00abdesolaci\u00f3n\u00bb, seg\u00fan palabras del vicepresidente de la red Alfa Inmobiliaria, Jes\u00fas Duque. Para Duque, los m\u00e1s optimistas ahora son los operadores de suelo, que los \u00faltimos a\u00f1os son los que han tenido los principales activos&#8230;<\/p>\n","protected":false},"author":3,"featured_media":2493,"comment_status":"open","ping_status":"open","sticky":false,"template":"","format":"standard","meta":{"_lmt_disableupdate":"yes","_lmt_disable":"","footnotes":""},"categories":[3],"tags":[911,1072,141,245],"class_list":["post-8685","post","type-post","status-publish","format-standard","has-post-thumbnail","hentry","category-compraventa","tag-agentes-inmobiliarios","tag-construccion-de-viviendas","tag-fondos-de-inversion","tag-sector-inmobiliario"],"modified_by":"Albert PC","_links":{"self":[{"href":"https:\/\/www.fotocasa.es\/fotocasa-life\/wp-json\/wp\/v2\/posts\/8685","targetHints":{"allow":["GET"]}}],"collection":[{"href":"https:\/\/www.fotocasa.es\/fotocasa-life\/wp-json\/wp\/v2\/posts"}],"about":[{"href":"https:\/\/www.fotocasa.es\/fotocasa-life\/wp-json\/wp\/v2\/types\/post"}],"author":[{"embeddable":true,"href":"https:\/\/www.fotocasa.es\/fotocasa-life\/wp-json\/wp\/v2\/users\/3"}],"replies":[{"embeddable":true,"href":"https:\/\/www.fotocasa.es\/fotocasa-life\/wp-json\/wp\/v2\/comments?post=8685"}],"version-history":[{"count":0,"href":"https:\/\/www.fotocasa.es\/fotocasa-life\/wp-json\/wp\/v2\/posts\/8685\/revisions"}],"wp:featuredmedia":[{"embeddable":true,"href":"https:\/\/www.fotocasa.es\/fotocasa-life\/wp-json\/wp\/v2\/media\/2493"}],"wp:attachment":[{"href":"https:\/\/www.fotocasa.es\/fotocasa-life\/wp-json\/wp\/v2\/media?parent=8685"}],"wp:term":[{"taxonomy":"category","embeddable":true,"href":"https:\/\/www.fotocasa.es\/fotocasa-life\/wp-json\/wp\/v2\/categories?post=8685"},{"taxonomy":"post_tag","embeddable":true,"href":"https:\/\/www.fotocasa.es\/fotocasa-life\/wp-json\/wp\/v2\/tags?post=8685"}],"curies":[{"name":"wp","href":"https:\/\/api.w.org\/{rel}","templated":true}]}}