{"id":86050,"date":"2023-03-07T10:45:15","date_gmt":"2023-03-07T09:45:15","guid":{"rendered":"https:\/\/www.fotocasa.es\/fotocasa-life\/?p=86050"},"modified":"2026-04-23T11:54:27","modified_gmt":"2026-04-23T09:54:27","slug":"evolucion-compraventas-en-espana","status":"publish","type":"post","link":"https:\/\/www.fotocasa.es\/fotocasa-life\/compraventa\/evolucion-compraventas-en-espana\/","title":{"rendered":"\u00bfCu\u00e1ntas casas se compran en Espa\u00f1a? [Abril 2026]"},"content":{"rendered":"<p><strong>Datos de <a href=\"https:\/\/www.fotocasa.es\/fotocasa-life\/quiero-comprar-casa\/\">compraventa de vivienda<\/a> en febrero de 2026: <span style=\"font-weight: 400;\">el dato de transacciones inmobiliarias correspondientes al segundo mes de 2026 dado a conocer hoy por el INE es de <strong>59.689 compraventas<\/strong><\/span><\/strong><span style=\"font-weight: 400;\">, lo que supone un descenso interanual del 0,5%.<\/span><\/p>\n<p><span style=\"font-weight: 400;\">\u00abFebrero ha registrado 59.689 compraventas, lo que confirma que <strong>el mercado se mantiene en niveles muy elevados de actividad<\/strong>, cercano al umbral de las 60.000 transacciones mensuales que ha caracterizado el ciclo m\u00e1s reciente. A pesar de que el sector ha entrado en una fase de normalizaci\u00f3n tras los m\u00e1ximos del pasado ejercicio, la demanda sigue mostrando una fortaleza extraordinaria<\/span><span style=\"font-weight: 400;\">\u00ab, se\u00f1ala <strong>Mar\u00eda Matos<\/strong>, directora de Estudios de <\/span><span style=\"font-weight: 400;\">Fotocasa<\/span><span style=\"font-weight: 400;\">.<\/span><\/p>\n<p><!--more--><br \/>\n<iframe id=\"datawrapper-chart-jbZ2V\" style=\"width: 0; min-width: 100% !important; border: none;\" title=\"Evoluci\u00f3n de la compraventa de viviendas en Espa\u00f1a\" src=\"https:\/\/datawrapper.dwcdn.net\/jbZ2V\/1\/\" height=\"485\" frameborder=\"0\" scrolling=\"no\" aria-label=\"L\u00edneas\" data-external=\"1\"><\/iframe><script type=\"text\/javascript\">window.addEventListener(\"message\",function(a){if(void 0!==a.data[\"datawrapper-height\"]){var e=document.querySelectorAll(\"iframe\");for(var t in a.data[\"datawrapper-height\"])for(var r,i=0;r=e[i];i++)if(r.contentWindow===a.source){var d=a.data[\"datawrapper-height\"][t]+\"px\";r.style.height=d}}});<\/script><\/p>\n","protected":false},"excerpt":{"rendered":"<p>El mes de febrero de 2026 se ha saldado con 59.689 compraventas de vivienda, un 0,5% menos que en el mismo mes del a\u00f1o anterior de acuerdo con los datos del INE publicados en abril de 2026<\/p>\n","protected":false},"author":152,"featured_media":101698,"comment_status":"open","ping_status":"closed","sticky":false,"template":"","format":"standard","meta":{"_lmt_disableupdate":"no","_lmt_disable":"","footnotes":""},"categories":[3],"tags":[2292,2184,3153,2654,2746,7089,6621,2523,7156,9745,6375,5254,9744,11957],"class_list":["post-86050","post","type-post","status-publish","format-standard","has-post-thumbnail","hentry","category-compraventa","tag-aumento-de-las-compraventas","tag-comprar","tag-comprar-casa","tag-comprar-piso","tag-comprar-vivienda","tag-compraventa-2023","tag-compraventas-de-viviendas","tag-compraventas-en-espana","tag-compraventas-ine","tag-compraventas-vivienda","tag-datos-compraventa-ine","tag-evolucion-compraventa","tag-evolucion-compraventas-espana","tag-sector"],"modified_by":"Joaqu\u00edn Hern\u00e1ndez","_links":{"self":[{"href":"https:\/\/www.fotocasa.es\/fotocasa-life\/wp-json\/wp\/v2\/posts\/86050","targetHints":{"allow":["GET"]}}],"collection":[{"href":"https:\/\/www.fotocasa.es\/fotocasa-life\/wp-json\/wp\/v2\/posts"}],"about":[{"href":"https:\/\/www.fotocasa.es\/fotocasa-life\/wp-json\/wp\/v2\/types\/post"}],"author":[{"embeddable":true,"href":"https:\/\/www.fotocasa.es\/fotocasa-life\/wp-json\/wp\/v2\/users\/152"}],"replies":[{"embeddable":true,"href":"https:\/\/www.fotocasa.es\/fotocasa-life\/wp-json\/wp\/v2\/comments?post=86050"}],"version-history":[{"count":0,"href":"https:\/\/www.fotocasa.es\/fotocasa-life\/wp-json\/wp\/v2\/posts\/86050\/revisions"}],"wp:featuredmedia":[{"embeddable":true,"href":"https:\/\/www.fotocasa.es\/fotocasa-life\/wp-json\/wp\/v2\/media\/101698"}],"wp:attachment":[{"href":"https:\/\/www.fotocasa.es\/fotocasa-life\/wp-json\/wp\/v2\/media?parent=86050"}],"wp:term":[{"taxonomy":"category","embeddable":true,"href":"https:\/\/www.fotocasa.es\/fotocasa-life\/wp-json\/wp\/v2\/categories?post=86050"},{"taxonomy":"post_tag","embeddable":true,"href":"https:\/\/www.fotocasa.es\/fotocasa-life\/wp-json\/wp\/v2\/tags?post=86050"}],"curies":[{"name":"wp","href":"https:\/\/api.w.org\/{rel}","templated":true}]}}