{"id":84875,"date":"2023-09-12T11:00:05","date_gmt":"2023-09-12T09:00:05","guid":{"rendered":"https:\/\/www.fotocasa.es\/fotocasa-life\/?p=84875"},"modified":"2023-09-08T13:08:32","modified_gmt":"2023-09-08T11:08:32","slug":"como-mejorar-la-accesibilidad-de-las-viviendas-de-personas-en-situacion-de-discapacidad","status":"publish","type":"post","link":"https:\/\/www.fotocasa.es\/fotocasa-life\/fotocasa\/como-mejorar-la-accesibilidad-de-las-viviendas-de-personas-en-situacion-de-discapacidad\/","title":{"rendered":"C\u00f3mo mejorar la accesibilidad de las viviendas de personas en situaci\u00f3n de discapacidad"},"content":{"rendered":"<p><strong>\u00abEn Espa\u00f1a hay actualmente <\/strong><b>4,38 millones de personas con alg\u00fan tipo de discapacidad, lo que representa el 10% de la poblaci\u00f3n\u00bb<\/b>. Es lo que se desprende de la Encuesta de Discapacidad, Autonom\u00eda personal y Situaciones de Dependencia (EDAD) referidas al a\u00f1o 2020, del Instituto Nacional de Estad\u00edstica (INE).<\/p>\n<p>Sin embargo, <a href=\"https:\/\/www.fotocasa.es\/fotocasa-life\/sector\/hay-poca-oferta-de-vivienda-adaptada-para-personas-con-discapacidad\/\"><b>la mayor\u00eda de ellas no viven en hogares completamente adaptados a sus necesidades y a su tipo de discapacidad<\/b><\/a><b>, por lo que en muchos casos no pueden vivir con total normalidad<\/b>, o bien necesitan de la ayuda de terceras personas para poder hacerlo.<\/p>\n","protected":false},"excerpt":{"rendered":"<p>Analizamos qu\u00e9 tipo de reformas se pueden llevar a cabo para mejorar el d\u00eda a d\u00eda de las personas en situaci\u00f3n de discapacidad y qu\u00e9 ayudas hay para ello<\/p>\n","protected":false},"author":3,"featured_media":84880,"comment_status":"open","ping_status":"closed","sticky":false,"template":"","format":"standard","meta":{"_lmt_disableupdate":"yes","_lmt_disable":"","footnotes":""},"categories":[1050],"tags":[8430,9284,8432,5036,9244,9246,6555,9245,6935,4700,4701],"class_list":["post-84875","post","type-post","status-publish","format-standard","has-post-thumbnail","hentry","category-fotocasa","tag-accesibildiad-edificios","tag-accesibilidad-de-las-viviendas","tag-accesibilidad-viviendas","tag-domotica-personas-discapacidad","tag-mejorar-accesibilidad","tag-personas-en-situacion-de-discapacidad","tag-proyecto-vivienda","tag-proyecto-vivienda-discapacidad","tag-proyecto-vivienda-fotocasa","tag-viviendas-accesibles","tag-viviendas-para-personas-con-discapacidad"],"modified_by":"Sara","_links":{"self":[{"href":"https:\/\/www.fotocasa.es\/fotocasa-life\/wp-json\/wp\/v2\/posts\/84875","targetHints":{"allow":["GET"]}}],"collection":[{"href":"https:\/\/www.fotocasa.es\/fotocasa-life\/wp-json\/wp\/v2\/posts"}],"about":[{"href":"https:\/\/www.fotocasa.es\/fotocasa-life\/wp-json\/wp\/v2\/types\/post"}],"author":[{"embeddable":true,"href":"https:\/\/www.fotocasa.es\/fotocasa-life\/wp-json\/wp\/v2\/users\/3"}],"replies":[{"embeddable":true,"href":"https:\/\/www.fotocasa.es\/fotocasa-life\/wp-json\/wp\/v2\/comments?post=84875"}],"version-history":[{"count":0,"href":"https:\/\/www.fotocasa.es\/fotocasa-life\/wp-json\/wp\/v2\/posts\/84875\/revisions"}],"wp:featuredmedia":[{"embeddable":true,"href":"https:\/\/www.fotocasa.es\/fotocasa-life\/wp-json\/wp\/v2\/media\/84880"}],"wp:attachment":[{"href":"https:\/\/www.fotocasa.es\/fotocasa-life\/wp-json\/wp\/v2\/media?parent=84875"}],"wp:term":[{"taxonomy":"category","embeddable":true,"href":"https:\/\/www.fotocasa.es\/fotocasa-life\/wp-json\/wp\/v2\/categories?post=84875"},{"taxonomy":"post_tag","embeddable":true,"href":"https:\/\/www.fotocasa.es\/fotocasa-life\/wp-json\/wp\/v2\/tags?post=84875"}],"curies":[{"name":"wp","href":"https:\/\/api.w.org\/{rel}","templated":true}]}}