{"id":84694,"date":"2023-09-06T11:23:26","date_gmt":"2023-09-06T09:23:26","guid":{"rendered":"https:\/\/www.fotocasa.es\/fotocasa-life\/?p=84694"},"modified":"2024-02-06T12:29:47","modified_gmt":"2024-02-06T11:29:47","slug":"cuanto-cuesta-el-uso-de-cada-electrodomestico-en-la-factura-de-la-luz","status":"publish","type":"post","link":"https:\/\/www.fotocasa.es\/fotocasa-life\/suministros\/cuanto-cuesta-el-uso-de-cada-electrodomestico-en-la-factura-de-la-luz\/","title":{"rendered":"\u00bfCu\u00e1nto cuesta el uso de cada electrodom\u00e9stico en la factura de la luz?"},"content":{"rendered":"<p><strong>Cada electrodom\u00e9stico tiene un consumo energ\u00e9tico propio<\/strong>. No todos los aparatos gastan lo mismo, ya que, aunque sean similares en forma y funciones, el consumo depende de la potencia y del tiempo que se utilicen.<\/p>\n<p>Desde Fotocasa, te explicamos c\u00f3mo <strong><a href=\"https:\/\/www.fotocasa.es\/fotocasa-life\/hogar\/energia\/como-calcular-el-consumo-de-electricidad\/\">calcular el consumo de electricidad por kWh <\/a>de los electrodom\u00e9sticos<\/strong> m\u00e1s comunes (el horno, el frigor\u00edfico, el lavavajillas, el aire acondicionado, el ventilador&#8230;) para que puedas <strong>aplicar cambios en tus h\u00e1bitos de consumo de energ\u00eda<\/strong> y tengas m\u00e1s consciencia sobre <strong>c\u00f3mo usar tus aparatos para abaratar la factura el\u00e9ctrica<\/strong>. \u00a1Toma nota!<\/p>\n<p><span data-sheets-value=\"{&quot;1&quot;:2,&quot;2&quot;:&quot;&lt;section class=&quot;mini-posts&quot;&gt;&lt;div class=&quot;row align-items-center&quot;&gt;&lt;div class=&quot;col-4 col-md-3 pt-2 pb-2&quot;&gt;&lt;div class=&quot;mini-posts__image&quot;&gt;&lt;a href=&quot;https:\/\/www.fotocasa.es\/fotocasa-life\/suministros\/cuanto-cuesta-el-uso-de-cada-electrodomestico-en-la-factura-de-la-luz\/&quot;&gt;&lt;img src=&quot;https:\/\/www.fotocasa.es\/fotocasa-life\/wp-content\/uploads\/2023\/09\/cuanto-gastan-los-electrodomesticos-355x230.jpg&quot; alt=&quot;&quot; \/&gt;&lt;\/a&gt;&lt;\/div&gt;&lt;\/div&gt;&lt;div class=&quot;col-8 col-md-9 pt-2 pb-2&quot;&gt;&lt;h3 class=&quot;mini-posts__title&quot;&gt;&lt;a href=&quot;https:\/\/www.fotocasa.es\/fotocasa-life\/suministros\/cuanto-cuesta-el-uso-de-cada-electrodomestico-en-la-factura-de-la-luz\/&quot;&gt;&lt;\/a&gt;&lt;\/h3&gt;&lt;\/div&gt;&lt;\/div&gt;&lt;\/section&gt;&quot;}\" data-sheets-userformat=\"{&quot;2&quot;:33569281,&quot;3&quot;:{&quot;1&quot;:0},&quot;12&quot;:0,&quot;14&quot;:{&quot;1&quot;:2,&quot;2&quot;:0},&quot;15&quot;:&quot;\\&quot;Open Sans\\&quot;, sans-serif&quot;,&quot;16&quot;:11,&quot;28&quot;:1}\"><section class=\"mini-posts\"><div class=\"row align-items-center\"><div class=\"col-4 col-md-3 pt-2 pb-2\"><div class=\"mini-posts__image\"><a href=\"https:\/\/www.fotocasa.es\/fotocasa-life\/ebook-gratis\/como-entender-la-factura-de-la-luz\/\"><img decoding=\"async\" src=\"https:\/\/www.fotocasa.es\/fotocasa-life\/wp-content\/uploads\/2022\/01\/facturaluz-img-ficha.png\" alt=\"Ebook - C\u00f3mo entender la factura de la luz\" title=\"-\"><\/a><\/div><\/div><div class=\"col-8 col-md-9 pt-2 pb-2\"><h3 class=\"mini-posts__title\"><a href=\"https:\/\/www.fotocasa.es\/fotocasa-life\/ebook-gratis\/como-entender-la-factura-de-la-luz\/\">Ebook - C\u00f3mo entender la factura de la luz<\/a><\/h3><\/div><\/div><\/section><\/span><\/p>\n","protected":false},"excerpt":{"rendered":"<p>Calcular cu\u00e1nto gasta cada electrodom\u00e9stico en casa nos sirve para ser m\u00e1s conscientes a la hora de usar cada aparato<\/p>\n","protected":false},"author":3,"featured_media":84695,"comment_status":"open","ping_status":"closed","sticky":false,"template":"","format":"standard","meta":{"_lmt_disableupdate":"yes","_lmt_disable":"","footnotes":""},"categories":[5168],"tags":[9220,9223,9222],"class_list":["post-84694","post","type-post","status-publish","format-standard","has-post-thumbnail","hentry","category-suministros","tag-calcular-consumo-electrodomestico","tag-calcular-potencia-electrodomesticos","tag-consumo-electrodomesticos"],"modified_by":"Agustina Battioli","_links":{"self":[{"href":"https:\/\/www.fotocasa.es\/fotocasa-life\/wp-json\/wp\/v2\/posts\/84694","targetHints":{"allow":["GET"]}}],"collection":[{"href":"https:\/\/www.fotocasa.es\/fotocasa-life\/wp-json\/wp\/v2\/posts"}],"about":[{"href":"https:\/\/www.fotocasa.es\/fotocasa-life\/wp-json\/wp\/v2\/types\/post"}],"author":[{"embeddable":true,"href":"https:\/\/www.fotocasa.es\/fotocasa-life\/wp-json\/wp\/v2\/users\/3"}],"replies":[{"embeddable":true,"href":"https:\/\/www.fotocasa.es\/fotocasa-life\/wp-json\/wp\/v2\/comments?post=84694"}],"version-history":[{"count":0,"href":"https:\/\/www.fotocasa.es\/fotocasa-life\/wp-json\/wp\/v2\/posts\/84694\/revisions"}],"wp:featuredmedia":[{"embeddable":true,"href":"https:\/\/www.fotocasa.es\/fotocasa-life\/wp-json\/wp\/v2\/media\/84695"}],"wp:attachment":[{"href":"https:\/\/www.fotocasa.es\/fotocasa-life\/wp-json\/wp\/v2\/media?parent=84694"}],"wp:term":[{"taxonomy":"category","embeddable":true,"href":"https:\/\/www.fotocasa.es\/fotocasa-life\/wp-json\/wp\/v2\/categories?post=84694"},{"taxonomy":"post_tag","embeddable":true,"href":"https:\/\/www.fotocasa.es\/fotocasa-life\/wp-json\/wp\/v2\/tags?post=84694"}],"curies":[{"name":"wp","href":"https:\/\/api.w.org\/{rel}","templated":true}]}}