{"id":84654,"date":"2023-08-31T10:00:43","date_gmt":"2023-08-31T08:00:43","guid":{"rendered":"https:\/\/www.fotocasa.es\/fotocasa-life\/?p=84654"},"modified":"2023-09-27T11:07:40","modified_gmt":"2023-09-27T09:07:40","slug":"se-supera-la-barrera-de-las-150-000-hipotecas-en-el-primer-semestre-del-ano","status":"publish","type":"post","link":"https:\/\/www.fotocasa.es\/fotocasa-life\/hipotecas-finanzas\/se-supera-la-barrera-de-las-150-000-hipotecas-en-el-primer-semestre-del-ano\/","title":{"rendered":"Se supera la barrera de las 150.000 hipotecas en el primer semestre del a\u00f1o"},"content":{"rendered":"<p><span style=\"font-weight: 400;\">Los datos de hipotecas correspondientes al pasado mes de junio dados a conocer hoy por el INE, reflejan un ascenso mensual del <\/span><b>0,2%<\/b><span style=\"font-weight: 400;\">, y una ca\u00edda interanual del &#8211;<\/span><b>21,9%.<\/b><span style=\"font-weight: 400;\"> Desde febrero de 2023 el mercado comenz\u00f3 a dar se\u00f1ales de moderaci\u00f3n, por lo que se confirma que la concesi\u00f3n de hipotecas ya encadena cinco meses de tasas negativas. Esta cifra pone de manifiesto que<\/span><b> la ralentizaci\u00f3n es una realidad, pero la traslaci\u00f3n real al mercado se produce de forma paulatina<\/b><span style=\"font-weight: 400;\">, ya que este es el quinto descenso oficial causado por el cambio en la pol\u00edtica monetaria que llega once meses despu\u00e9s de la primera subida de tipos de inter\u00e9s.<\/span><\/p>\n<p><span style=\"font-weight: 400;\">As\u00ed, el pasado junio se firmaron 33.478 hipotecas, una cifra que se sit\u00faa por encima de las 30.000 concesiones mensuales, y pone de manifiesto que se regresa a la normalidad prepandemia. \u201cLos datos de firmas ya no son tan abultados como los de los dos ejercicios anteriores, y se confirma que el <\/span><i><span style=\"font-weight: 400;\">boom<\/span><\/i><span style=\"font-weight: 400;\"> de las hipotecas ha terminado. Por ello, lo justo en el an\u00e1lisis ser\u00eda comparar las cifras de 2023 con las de 2019, el a\u00f1o antes del estallido de la Covid-19. <\/span><b>La comparativa muestra que el dato de junio de este a\u00f1o ser\u00eda un 9,3% superior al de junio de 2019.<\/b><span style=\"font-weight: 400;\"> Esta equiparaci\u00f3n refleja que los datos de 2023 son muy similares a los de prepandemia, a pesar de la situaci\u00f3n de alteraci\u00f3n econ\u00f3mica y subida de tipos que se est\u00e1 atravesando este a\u00f1o. Por lo que las firmas contin\u00faan con intensidad, con datos positivos y demuestran la gran resiliencia del inmobiliario\u201d, comenta Mar\u00eda Matos, directora de Estudios de\u00a0 <\/span><span style=\"font-weight: 400;\">Fotocasa<\/span><span style=\"font-weight: 400;\">.<\/span><\/p>\n","protected":false},"excerpt":{"rendered":"<p>Los datos de hipotecas correspondientes al pasado mes de junio dados a conocer hoy por el INE, reflejan un ascenso mensual del 0,2%, y una ca\u00edda interanual del -21,9%<\/p>\n","protected":false},"author":182,"featured_media":84656,"comment_status":"open","ping_status":"closed","sticky":false,"template":"","format":"standard","meta":{"_lmt_disableupdate":"yes","_lmt_disable":"","footnotes":""},"categories":[6],"tags":[],"class_list":["post-84654","post","type-post","status-publish","format-standard","has-post-thumbnail","hentry","category-hipotecas-finanzas"],"modified_by":"Sara","_links":{"self":[{"href":"https:\/\/www.fotocasa.es\/fotocasa-life\/wp-json\/wp\/v2\/posts\/84654","targetHints":{"allow":["GET"]}}],"collection":[{"href":"https:\/\/www.fotocasa.es\/fotocasa-life\/wp-json\/wp\/v2\/posts"}],"about":[{"href":"https:\/\/www.fotocasa.es\/fotocasa-life\/wp-json\/wp\/v2\/types\/post"}],"author":[{"embeddable":true,"href":"https:\/\/www.fotocasa.es\/fotocasa-life\/wp-json\/wp\/v2\/users\/182"}],"replies":[{"embeddable":true,"href":"https:\/\/www.fotocasa.es\/fotocasa-life\/wp-json\/wp\/v2\/comments?post=84654"}],"version-history":[{"count":0,"href":"https:\/\/www.fotocasa.es\/fotocasa-life\/wp-json\/wp\/v2\/posts\/84654\/revisions"}],"wp:featuredmedia":[{"embeddable":true,"href":"https:\/\/www.fotocasa.es\/fotocasa-life\/wp-json\/wp\/v2\/media\/84656"}],"wp:attachment":[{"href":"https:\/\/www.fotocasa.es\/fotocasa-life\/wp-json\/wp\/v2\/media?parent=84654"}],"wp:term":[{"taxonomy":"category","embeddable":true,"href":"https:\/\/www.fotocasa.es\/fotocasa-life\/wp-json\/wp\/v2\/categories?post=84654"},{"taxonomy":"post_tag","embeddable":true,"href":"https:\/\/www.fotocasa.es\/fotocasa-life\/wp-json\/wp\/v2\/tags?post=84654"}],"curies":[{"name":"wp","href":"https:\/\/api.w.org\/{rel}","templated":true}]}}