{"id":84400,"date":"2023-08-22T09:02:30","date_gmt":"2023-08-22T07:02:30","guid":{"rendered":"https:\/\/www.fotocasa.es\/fotocasa-life\/?p=84400"},"modified":"2023-08-17T10:57:59","modified_gmt":"2023-08-17T08:57:59","slug":"los-jovenes-son-los-que-mas-declaran-que-el-clima-influye-en-su-busqueda-de-vivienda","status":"publish","type":"post","link":"https:\/\/www.fotocasa.es\/fotocasa-life\/compraventa\/los-jovenes-son-los-que-mas-declaran-que-el-clima-influye-en-su-busqueda-de-vivienda\/","title":{"rendered":"Los j\u00f3venes son los que m\u00e1s declaran que el clima influye en su b\u00fasqueda de vivienda"},"content":{"rendered":"<p><span style=\"font-weight: 400;\">Cada vez es un factor m\u00e1s determinante el clima en la b\u00fasqueda de vivienda en Espa\u00f1a, y est\u00e1 llevando a muchos j\u00f3venes a considerar cambiar de residencia. Las altas temperaturas que afectan a algunas comunidades est\u00e1n impulsando a un gran n\u00famero de personas a buscar lugares con climas m\u00e1s agradables.\u00a0<\/span><\/p>\n<p><span style=\"font-weight: 400;\">Seg\u00fan un an\u00e1lisis realizado por Fotocasa Research, <\/span><b>un 29% de los demandantes de vivienda buscan casas en zonas con climas diferentes a su lugar de residencia actual.<\/b><span style=\"font-weight: 400;\"> Esta tendencia es m\u00e1s evidente entre los inquilinos, donde un 32% ha buscado vivienda debido al clima, en comparaci\u00f3n con el 25% de los propietarios. <\/span><a href=\"https:\/\/www.fotocasa.es\/fotocasa-life\/compraventa\/mudarse-a-una-localidad-donde-el-clima-no-sea-extremo-1-de-cada-3-espanoles-se-lo-plantea\/\"><span style=\"font-weight: 400;\">Desde Fotocasa analizamos c\u00f3mo el clima est\u00e1 moldeando las preferencias<\/span><\/a><span style=\"font-weight: 400;\"> de los j\u00f3venes en la b\u00fasqueda de un hogar.\u00a0<\/span><\/p>\n<h2><b>Los j\u00f3venes y el clima, una tendencia creciente en la b\u00fasqueda de vivienda<\/b><\/h2>\n<p><span style=\"font-weight: 400;\">El impacto del clima en la elecci\u00f3n de vivienda se ha vuelto cada vez m\u00e1s relevante entre los j\u00f3venes. Seg\u00fan <\/span><a href=\"https:\/\/prensa.fotocasa.es\/el-29-de-demandantes-de-vivienda-busca-mudarse-a-una-localidad-donde-el-clima-no-sea-extremo\/\" target=\"_blank\" rel=\"noopener\"><span style=\"font-weight: 400;\">el estudio de Fotocasa<\/span><\/a><span style=\"font-weight: 400;\">, esta generaci\u00f3n, comprendida <\/span><b>entre los 18 y 24 a\u00f1os<\/b><span style=\"font-weight: 400;\">, est\u00e1 mostrando <\/span><b>un inter\u00e9s significativamente mayor en encontrar un lugar con condiciones clim\u00e1ticas espec\u00edficas<\/b><span style=\"font-weight: 400;\"> para establecer su hogar.<\/span><\/p>\n<p><span style=\"font-weight: 400;\">Si ponemos el foco en los inquilinos, <\/span><a href=\"https:\/\/www.fotocasa.es\/fotocasa-life\/alquiler\/como-se-fomenta-en-otros-paises-de-europa-la-emancipacion-de-los-jovenes\/\"><span style=\"font-weight: 400;\">el objetivo principal de los j\u00f3venes es emanciparse<\/span><\/a><span style=\"font-weight: 400;\"> y trasladarse a una zona que tenga <\/span><b>temperaturas m\u00e1s suaves.<\/b><span style=\"font-weight: 400;\">\u00a0 <\/span><b>Un 12% de los j\u00f3venes prioriza esta cualidad al buscar d\u00f3nde vivir.<\/b><span style=\"font-weight: 400;\"> Esta preferencia por climas templados puede estar relacionada con el deseo de evitar los extremos de calor a fr\u00edo, buscando un equilibrio que promueva un mayor bienestar y comodidad en la vida diaria.<\/span><\/p>\n","protected":false},"excerpt":{"rendered":"<p>Los j\u00f3venes entre 18 a 24 a\u00f1os son los que m\u00e1s quieren cambiar de residencia por el clima, priorizando temperaturas m\u00e1s suaves.<\/p>\n","protected":false},"author":3,"featured_media":84405,"comment_status":"open","ping_status":"closed","sticky":false,"template":"","format":"standard","meta":{"_lmt_disableupdate":"yes","_lmt_disable":"","footnotes":""},"categories":[3],"tags":[6535,6683,7228,6601,6872,7188],"class_list":["post-84400","post","type-post","status-publish","format-standard","has-post-thumbnail","hentry","category-compraventa","tag-acceso-jovenes-vivienda","tag-ayudas-para-jovenes","tag-cambio-climatico","tag-jovenes-acceso-vivienda","tag-jovenes-alquilar","tag-mudarse-por-clima"],"modified_by":null,"_links":{"self":[{"href":"https:\/\/www.fotocasa.es\/fotocasa-life\/wp-json\/wp\/v2\/posts\/84400","targetHints":{"allow":["GET"]}}],"collection":[{"href":"https:\/\/www.fotocasa.es\/fotocasa-life\/wp-json\/wp\/v2\/posts"}],"about":[{"href":"https:\/\/www.fotocasa.es\/fotocasa-life\/wp-json\/wp\/v2\/types\/post"}],"author":[{"embeddable":true,"href":"https:\/\/www.fotocasa.es\/fotocasa-life\/wp-json\/wp\/v2\/users\/3"}],"replies":[{"embeddable":true,"href":"https:\/\/www.fotocasa.es\/fotocasa-life\/wp-json\/wp\/v2\/comments?post=84400"}],"version-history":[{"count":0,"href":"https:\/\/www.fotocasa.es\/fotocasa-life\/wp-json\/wp\/v2\/posts\/84400\/revisions"}],"wp:featuredmedia":[{"embeddable":true,"href":"https:\/\/www.fotocasa.es\/fotocasa-life\/wp-json\/wp\/v2\/media\/84405"}],"wp:attachment":[{"href":"https:\/\/www.fotocasa.es\/fotocasa-life\/wp-json\/wp\/v2\/media?parent=84400"}],"wp:term":[{"taxonomy":"category","embeddable":true,"href":"https:\/\/www.fotocasa.es\/fotocasa-life\/wp-json\/wp\/v2\/categories?post=84400"},{"taxonomy":"post_tag","embeddable":true,"href":"https:\/\/www.fotocasa.es\/fotocasa-life\/wp-json\/wp\/v2\/tags?post=84400"}],"curies":[{"name":"wp","href":"https:\/\/api.w.org\/{rel}","templated":true}]}}