{"id":84395,"date":"2023-08-17T09:34:23","date_gmt":"2023-08-17T07:34:23","guid":{"rendered":"https:\/\/www.fotocasa.es\/fotocasa-life\/?p=84395"},"modified":"2023-08-17T09:32:44","modified_gmt":"2023-08-17T07:32:44","slug":"municipios-en-los-que-la-poblacion-se-multiplica-hasta-por-10-en-agosto","status":"publish","type":"post","link":"https:\/\/www.fotocasa.es\/fotocasa-life\/curiosidades\/municipios-en-los-que-la-poblacion-se-multiplica-hasta-por-10-en-agosto\/","title":{"rendered":"Municipios en los que la poblaci\u00f3n se multiplica hasta por 10 en agosto"},"content":{"rendered":"<p><span style=\"font-weight: 400;\">En Espa\u00f1a, es com\u00fan observar <\/span><b>un fen\u00f3meno conocido como \u00abturismo estacional\u00bb durante los meses de verano<\/b><span style=\"font-weight: 400;\"> (debido al <\/span><a href=\"https:\/\/www.fotocasa.es\/fotocasa-life\/alquiler\/que-diferencias-hay-entre-el-alquiler-de-temporada-y-el-alquiler-vacacional\/\"><span style=\"font-weight: 400;\">alquiler vacacional, que no se debe confundir con el alquiler de temporada<\/span><\/a><span style=\"font-weight: 400;\">), especialmente en agosto, cuando la poblaci\u00f3n de ciertos pueblos y localidades aumenta significativamente debido a la llegada masiva de turistas y veraneantes. Estos lugares suelen experimentar un incremento en la poblaci\u00f3n que puede llegar a multiplicarse\u2026 \u00a1hasta por 10 en comparaci\u00f3n con otros momentos del a\u00f1o! Revisa el mapa bajo estas l\u00edneas y descubre cu\u00e1les son algunos de los municipios en los que este fen\u00f3meno es m\u00e1s acusado.<\/span><\/p>\n","protected":false},"excerpt":{"rendered":"<p>Hay localidades en las que la poblaci\u00f3n se multiplica hasta por 10 en los meses de verano. \u00bfQuieres descubrir cu\u00e1les son las m\u00e1s notables de nuestro pa\u00eds?<\/p>\n","protected":false},"author":3,"featured_media":84396,"comment_status":"open","ping_status":"closed","sticky":false,"template":"","format":"standard","meta":{"_lmt_disableupdate":"yes","_lmt_disable":"","footnotes":""},"categories":[2452],"tags":[492,2536,2945,2489,361],"class_list":["post-84395","post","type-post","status-publish","format-standard","has-post-thumbnail","hentry","category-curiosidades","tag-alquiler-vacacional","tag-alquiler-verano","tag-casas-de-verano","tag-destino-vacacional","tag-segunda-residencia"],"modified_by":"Agustina Battioli","_links":{"self":[{"href":"https:\/\/www.fotocasa.es\/fotocasa-life\/wp-json\/wp\/v2\/posts\/84395","targetHints":{"allow":["GET"]}}],"collection":[{"href":"https:\/\/www.fotocasa.es\/fotocasa-life\/wp-json\/wp\/v2\/posts"}],"about":[{"href":"https:\/\/www.fotocasa.es\/fotocasa-life\/wp-json\/wp\/v2\/types\/post"}],"author":[{"embeddable":true,"href":"https:\/\/www.fotocasa.es\/fotocasa-life\/wp-json\/wp\/v2\/users\/3"}],"replies":[{"embeddable":true,"href":"https:\/\/www.fotocasa.es\/fotocasa-life\/wp-json\/wp\/v2\/comments?post=84395"}],"version-history":[{"count":0,"href":"https:\/\/www.fotocasa.es\/fotocasa-life\/wp-json\/wp\/v2\/posts\/84395\/revisions"}],"wp:featuredmedia":[{"embeddable":true,"href":"https:\/\/www.fotocasa.es\/fotocasa-life\/wp-json\/wp\/v2\/media\/84396"}],"wp:attachment":[{"href":"https:\/\/www.fotocasa.es\/fotocasa-life\/wp-json\/wp\/v2\/media?parent=84395"}],"wp:term":[{"taxonomy":"category","embeddable":true,"href":"https:\/\/www.fotocasa.es\/fotocasa-life\/wp-json\/wp\/v2\/categories?post=84395"},{"taxonomy":"post_tag","embeddable":true,"href":"https:\/\/www.fotocasa.es\/fotocasa-life\/wp-json\/wp\/v2\/tags?post=84395"}],"curies":[{"name":"wp","href":"https:\/\/api.w.org\/{rel}","templated":true}]}}