{"id":84048,"date":"2023-08-29T09:10:08","date_gmt":"2023-08-29T07:10:08","guid":{"rendered":"https:\/\/www.fotocasa.es\/fotocasa-life\/?p=84048"},"modified":"2023-08-28T13:40:32","modified_gmt":"2023-08-28T11:40:32","slug":"comprar-muebles-a-medias-para-un-piso-compartido-que-tener-en-cuenta","status":"publish","type":"post","link":"https:\/\/www.fotocasa.es\/fotocasa-life\/compartir-piso\/comprar-muebles-a-medias-para-un-piso-compartido-que-tener-en-cuenta\/","title":{"rendered":"Comprar muebles a medias para un piso compartido \u00bfqu\u00e9 tener en cuenta?"},"content":{"rendered":"<p>Suele ser una situaci\u00f3n muy com\u00fan: una pareja o grupo de amigos <strong><a href=\"https:\/\/www.fotocasa.es\/fotocasa-life\/compartir-piso\/es-mejor-alquilar-un-piso-compartido-o-alquilar-las-habitaciones-por-separado\/\">alquila una vivienda para compartir<\/a><\/strong>, haci\u00e9ndose cargo cada miembro por igual de los gastos mensuales (la renta, los suministros, la alimentaci\u00f3n&#8230;).<\/p>\n<p>Sin embargo, <strong>\u00bfqu\u00e9 hay de los muebles del piso si este se alquila vac\u00edo?<\/strong>, \u00bfqui\u00e9n es el responsable de comprarlos?, \u00bfqu\u00e9 ocurre con ellos una vez se deja el piso o si alguno de los inquilinos se marcha? Comprar muebles a medias en un piso compartido puede generar problemas, pero, por suerte, todos tienen soluci\u00f3n.<\/p>\n<h2>Comprar muebles a medias al compartir piso: problemas y soluciones<\/h2>\n<p>De acuerdo con un estudio de Fotocasa sobre la \u00abExperencia en alquiler en 2022\u00bb, el <strong><a href=\"https:\/\/www.fotocasa.es\/fotocasa-life\/compartir-piso\/un-3-de-espanoles-busca-una-habitacion-para-alquilar-en-un-piso-compartido\/\">3% de la demanda ha buscado o alquilado una habitaci\u00f3n para compartir<\/a><\/strong>, una cifra que se mantiene en l\u00ednea con los a\u00f1os anteriores.<\/p>\n<p>Y dado que septiembre es una \u00e9poca de nuevas etapas, en la que muchos j\u00f3venes, parejas o familias se movilizan para alquilar piso, desde Fotocasa, hablamos de los principales problemas al <strong>comprar muebles a medias<\/strong>\u00a0y te damos posibles soluciones para abordarlos. \u00a1Toma nota!<\/p>\n<p><span data-sheets-value=\"{&quot;1&quot;:2,&quot;2&quot;:&quot;&lt;section class=&quot;mini-posts&quot;&gt;&lt;div class=&quot;row align-items-center&quot;&gt;&lt;div class=&quot;col-4 col-md-3 pt-2 pb-2&quot;&gt;&lt;div class=&quot;mini-posts__image&quot;&gt;&lt;a href=&quot;https:\/\/www.fotocasa.es\/fotocasa-life\/compartir-piso\/comprar-muebles-a-medias-para-un-piso-compartido-que-tener-en-cuenta\/&quot;&gt;&lt;img src=&quot;https:\/\/www.fotocasa.es\/fotocasa-life\/wp-content\/uploads\/2023\/07\/Comprar-muebles-a-medias-para-un-piso-compartido-\u00bfque-tener-en-cuenta-355x230.png&quot; alt=&quot;&quot; \/&gt;&lt;\/a&gt;&lt;\/div&gt;&lt;\/div&gt;&lt;div class=&quot;col-8 col-md-9 pt-2 pb-2&quot;&gt;&lt;h3 class=&quot;mini-posts__title&quot;&gt;&lt;a href=&quot;https:\/\/www.fotocasa.es\/fotocasa-life\/compartir-piso\/comprar-muebles-a-medias-para-un-piso-compartido-que-tener-en-cuenta\/&quot;&gt;&lt;\/a&gt;&lt;\/h3&gt;&lt;\/div&gt;&lt;\/div&gt;&lt;\/section&gt;&quot;}\" data-sheets-userformat=\"{&quot;2&quot;:33569281,&quot;3&quot;:{&quot;1&quot;:0},&quot;12&quot;:0,&quot;14&quot;:{&quot;1&quot;:2,&quot;2&quot;:0},&quot;15&quot;:&quot;\\&quot;Open Sans\\&quot;, sans-serif&quot;,&quot;16&quot;:11,&quot;28&quot;:1}\"><section class=\"mini-posts\"><div class=\"row align-items-center\"><div class=\"col-4 col-md-3 pt-2 pb-2\"><div class=\"mini-posts__image\"><a href=\"https:\/\/www.fotocasa.es\/fotocasa-life\/compartir-piso\/como-organizar-equitativamente-las-finanzas-en-un-piso-compartido\/\"><img decoding=\"async\" src=\"https:\/\/www.fotocasa.es\/fotocasa-life\/wp-content\/uploads\/2023\/07\/Como-organizar-equitativamente-las-finanzas-en-un-piso-compartido-1-355x230.jpg\" alt=\"C\u00f3mo organizar equitativamente las finanzas en un piso compartido\" title=\"-\"><\/a><\/div><\/div><div class=\"col-8 col-md-9 pt-2 pb-2\"><h3 class=\"mini-posts__title\"><a href=\"https:\/\/www.fotocasa.es\/fotocasa-life\/compartir-piso\/como-organizar-equitativamente-las-finanzas-en-un-piso-compartido\/\">C\u00f3mo organizar equitativamente las finanzas en un piso compartido<\/a><\/h3><\/div><\/div><\/section><\/span><\/p>\n<h3>\u00bfC\u00f3mo se decide el presupuesto y qui\u00e9n paga los muebles?<\/h3>\n<p>Una situaci\u00f3n com\u00fan, que suele darse al comprar muebles a medias, es cuando <strong>hay miembros dispuestos a gastar m\u00e1s para <a href=\"https:\/\/www.fotocasa.es\/fotocasa-life\/hogar\/decoracion\/cuanto-cuesta-amueblar-una-casa-desde-cero\/\">amueblar el piso<\/a> compartido<\/strong> y otros, en cambio, no tienen la capacidad econ\u00f3mica o prefieren invertir menos dinero en mobiliario.<\/p>\n<p>Ante este problema, la soluci\u00f3n es buscar entre todos un consenso y decidir un presupuesto que se ajuste a todos los bolsillos. La comunicaci\u00f3n siempre ser\u00e1 la clave, por lo que se deber\u00e1 acordar la cantidad a depositar en el bote com\u00fan para la compra de los muebles. Para crear este <strong>bote compartido<\/strong>, existen varias opciones: poner el importe en efectivo, hacer una transferencia al responsable de pagar los muebles o crear una cuenta bancaria com\u00fan.<\/p>\n","protected":false},"excerpt":{"rendered":"<p>Cread un presupuesto y hablad antes sobre qu\u00e9 ocurrir\u00e1 con los muebles en caso de dejar el piso compartido o si uno de los compa\u00f1eros se marcha<\/p>\n","protected":false},"author":3,"featured_media":84049,"comment_status":"open","ping_status":"closed","sticky":false,"template":"","format":"standard","meta":{"_lmt_disableupdate":"yes","_lmt_disable":"","footnotes":""},"categories":[4275],"tags":[6552,6128,6437],"class_list":["post-84048","post","type-post","status-publish","format-standard","has-post-thumbnail","hentry","category-compartir-piso","tag-alquilar-habitacion","tag-compartir-habitacion","tag-compartir-vivienda"],"modified_by":"Jessica Llavero","_links":{"self":[{"href":"https:\/\/www.fotocasa.es\/fotocasa-life\/wp-json\/wp\/v2\/posts\/84048","targetHints":{"allow":["GET"]}}],"collection":[{"href":"https:\/\/www.fotocasa.es\/fotocasa-life\/wp-json\/wp\/v2\/posts"}],"about":[{"href":"https:\/\/www.fotocasa.es\/fotocasa-life\/wp-json\/wp\/v2\/types\/post"}],"author":[{"embeddable":true,"href":"https:\/\/www.fotocasa.es\/fotocasa-life\/wp-json\/wp\/v2\/users\/3"}],"replies":[{"embeddable":true,"href":"https:\/\/www.fotocasa.es\/fotocasa-life\/wp-json\/wp\/v2\/comments?post=84048"}],"version-history":[{"count":0,"href":"https:\/\/www.fotocasa.es\/fotocasa-life\/wp-json\/wp\/v2\/posts\/84048\/revisions"}],"wp:featuredmedia":[{"embeddable":true,"href":"https:\/\/www.fotocasa.es\/fotocasa-life\/wp-json\/wp\/v2\/media\/84049"}],"wp:attachment":[{"href":"https:\/\/www.fotocasa.es\/fotocasa-life\/wp-json\/wp\/v2\/media?parent=84048"}],"wp:term":[{"taxonomy":"category","embeddable":true,"href":"https:\/\/www.fotocasa.es\/fotocasa-life\/wp-json\/wp\/v2\/categories?post=84048"},{"taxonomy":"post_tag","embeddable":true,"href":"https:\/\/www.fotocasa.es\/fotocasa-life\/wp-json\/wp\/v2\/tags?post=84048"}],"curies":[{"name":"wp","href":"https:\/\/api.w.org\/{rel}","templated":true}]}}