{"id":83937,"date":"2023-08-24T09:10:13","date_gmt":"2023-08-24T07:10:13","guid":{"rendered":"https:\/\/www.fotocasa.es\/fotocasa-life\/?p=83937"},"modified":"2023-08-22T12:21:14","modified_gmt":"2023-08-22T10:21:14","slug":"hoy-es-el-peor-dia-para-mudarte-segun-este-estudio","status":"publish","type":"post","link":"https:\/\/www.fotocasa.es\/fotocasa-life\/compraventa\/hoy-es-el-peor-dia-para-mudarte-segun-este-estudio\/","title":{"rendered":"Hoy es el peor d\u00eda para mudarte, seg\u00fan este estudio"},"content":{"rendered":"<p>De acuerdo con un estudio analizado por Fotocasa, elaborado por el portal de asesoramiento inmobiliario l\u00edder en el Reino Unido HomeOwners Alliance en colaboraci\u00f3n con la empresa de mudanzas Reallymoving, <strong>agosto es el mes m\u00e1s popular para <a href=\"https:\/\/www.fotocasa.es\/fotocasa-life\/sector\/como-organizar-una-mudanza-los-plazos-y-el-paso-a-paso\/\">realizar una mudanza<\/a><\/strong>. Su an\u00e1lisis, basado en casi 600.000 cotizaciones de mudanzas, concluye que en los \u00faltimos 10 a\u00f1os, el mes de agosto siempre ha sido el mes en el que m\u00e1s personas organizan sus traslados.<\/p>\n<p>Si est\u00e1s pensando en realizar tu mudanza en los pr\u00f3ximos d\u00edas y <strong>quieres evitar el d\u00eda m\u00e1s popular para hacerlo<\/strong>, coincidiendo con el fin de las vacaciones de verano, qu\u00e9date a leer este art\u00edculo. Revelamos, desde Fotocasa, cu\u00e1l es el d\u00eda m\u00e1s com\u00fan para mudarse seg\u00fan la investigaci\u00f3n de la empresa inglesa y deducimos si coincide en Espa\u00f1a, seg\u00fan los meses con mayor volumen de compraventas.<\/p>\n<p><span data-sheets-value=\"{&quot;1&quot;:2,&quot;2&quot;:&quot;&lt;section class=&quot;mini-posts&quot;&gt;&lt;div class=&quot;row align-items-center&quot;&gt;&lt;div class=&quot;col-4 col-md-3 pt-2 pb-2&quot;&gt;&lt;div class=&quot;mini-posts__image&quot;&gt;&lt;a href=&quot;https:\/\/www.fotocasa.es\/fotocasa-life\/compraventa\/hoy-es-el-peor-dia-para-mudarte-segun-este-estudio\/&quot;&gt;&lt;img src=&quot;https:\/\/www.fotocasa.es\/fotocasa-life\/wp-content\/uploads\/2023\/07\/Hoy-es-el-peor-dia-para-mudarte-segun-este-estudio-355x230.jpg&quot; alt=&quot;&quot; \/&gt;&lt;\/a&gt;&lt;\/div&gt;&lt;\/div&gt;&lt;div class=&quot;col-8 col-md-9 pt-2 pb-2&quot;&gt;&lt;h3 class=&quot;mini-posts__title&quot;&gt;&lt;a href=&quot;https:\/\/www.fotocasa.es\/fotocasa-life\/compraventa\/hoy-es-el-peor-dia-para-mudarte-segun-este-estudio\/&quot;&gt;&lt;\/a&gt;&lt;\/h3&gt;&lt;\/div&gt;&lt;\/div&gt;&lt;\/section&gt;&quot;}\" data-sheets-userformat=\"{&quot;2&quot;:33569281,&quot;3&quot;:{&quot;1&quot;:0},&quot;12&quot;:0,&quot;14&quot;:{&quot;1&quot;:2,&quot;2&quot;:0},&quot;15&quot;:&quot;\\&quot;Open Sans\\&quot;, sans-serif&quot;,&quot;16&quot;:11,&quot;28&quot;:1}\"><section class=\"mini-posts\"><div class=\"row align-items-center\"><div class=\"col-4 col-md-3 pt-2 pb-2\"><div class=\"mini-posts__image\"><a href=\"https:\/\/www.fotocasa.es\/fotocasa-life\/ebook-gratis\/ebook-la-checklist-definitiva-para-tu-mudanza\/\"><img decoding=\"async\" src=\"https:\/\/www.fotocasa.es\/fotocasa-life\/wp-content\/uploads\/2023\/02\/plantillaA-img-ficha-checklist-355x230.jpg\" alt=\"Ebook - La checklist definitiva para organizar tu mudanza\" title=\"-\"><\/a><\/div><\/div><div class=\"col-8 col-md-9 pt-2 pb-2\"><h3 class=\"mini-posts__title\"><a href=\"https:\/\/www.fotocasa.es\/fotocasa-life\/ebook-gratis\/ebook-la-checklist-definitiva-para-tu-mudanza\/\">Ebook - La checklist definitiva para organizar tu mudanza<\/a><\/h3><\/div><\/div><\/section><\/span><\/p>\n<h2>26 de agosto, el peor d\u00eda del a\u00f1o para mudarse<\/h2>\n<p>El octavo mes del a\u00f1o es el de las mudanzas por excelencia en el Reino Unido. Sin embargo, hay un d\u00eda clave en el que m\u00e1s traslados coinciden seg\u00fan la empresa: <strong>el 26 de agosto<\/strong>.<\/p>\n<p>Tanto este a\u00f1o como el pasado, el d\u00eda 26 del mes bautizado como el mes de verano, ha ca\u00eddo en fin de semana, la fecha perfecta para quienes est\u00e1n <strong><a href=\"https:\/\/www.fotocasa.es\/fotocasa-life\/consultorio\/todos-los-tramites-imprescindibles-para-hacer-tu-mudanza\/\">organizando el traslado a su nueva vivienda<\/a><\/strong>. Adem\u00e1s, este d\u00eda tambi\u00e9n coincide con el <strong>fin de las vacaciones y el inicio de septiembre<\/strong>, cuando inicia el a\u00f1o escolar.<\/p>\n","protected":false},"excerpt":{"rendered":"<p>El mes m\u00e1s popular para hacer una mudanza es agosto, seg\u00fan una investigaci\u00f3n de una empresa de mudanzas en el Reino Unido<\/p>\n","protected":false},"author":3,"featured_media":83938,"comment_status":"open","ping_status":"closed","sticky":false,"template":"","format":"standard","meta":{"_lmt_disableupdate":"yes","_lmt_disable":"","footnotes":""},"categories":[3],"tags":[9105,9107,9108,9106],"class_list":["post-83937","post","type-post","status-publish","format-standard","has-post-thumbnail","hentry","category-compraventa","tag-dia-mudanza","tag-dia-para-mudarse","tag-mejor-dia-mudarse","tag-mudanza-nueva-vivienda"],"modified_by":"Jessica Llavero","_links":{"self":[{"href":"https:\/\/www.fotocasa.es\/fotocasa-life\/wp-json\/wp\/v2\/posts\/83937","targetHints":{"allow":["GET"]}}],"collection":[{"href":"https:\/\/www.fotocasa.es\/fotocasa-life\/wp-json\/wp\/v2\/posts"}],"about":[{"href":"https:\/\/www.fotocasa.es\/fotocasa-life\/wp-json\/wp\/v2\/types\/post"}],"author":[{"embeddable":true,"href":"https:\/\/www.fotocasa.es\/fotocasa-life\/wp-json\/wp\/v2\/users\/3"}],"replies":[{"embeddable":true,"href":"https:\/\/www.fotocasa.es\/fotocasa-life\/wp-json\/wp\/v2\/comments?post=83937"}],"version-history":[{"count":0,"href":"https:\/\/www.fotocasa.es\/fotocasa-life\/wp-json\/wp\/v2\/posts\/83937\/revisions"}],"wp:featuredmedia":[{"embeddable":true,"href":"https:\/\/www.fotocasa.es\/fotocasa-life\/wp-json\/wp\/v2\/media\/83938"}],"wp:attachment":[{"href":"https:\/\/www.fotocasa.es\/fotocasa-life\/wp-json\/wp\/v2\/media?parent=83937"}],"wp:term":[{"taxonomy":"category","embeddable":true,"href":"https:\/\/www.fotocasa.es\/fotocasa-life\/wp-json\/wp\/v2\/categories?post=83937"},{"taxonomy":"post_tag","embeddable":true,"href":"https:\/\/www.fotocasa.es\/fotocasa-life\/wp-json\/wp\/v2\/tags?post=83937"}],"curies":[{"name":"wp","href":"https:\/\/api.w.org\/{rel}","templated":true}]}}